{"id":1083,"date":"2019-10-01T19:11:59","date_gmt":"2019-10-01T17:11:59","guid":{"rendered":"http:\/\/contraluz.fr\/?p=1083"},"modified":"2020-01-04T13:52:06","modified_gmt":"2020-01-04T12:52:06","slug":"bulletin-dinformation-octobre-2019","status":"publish","type":"post","link":"https:\/\/contraluz.fr\/?p=1083","title":{"rendered":"Bulletin d&rsquo;information Octobre 2019"},"content":{"rendered":"<p>Chers amis,<br \/>\nApr\u00e8s des vacances studieuses, toute l\u2019\u00e9quipe de Contraluz est pr\u00eate \u00e0 repartir pour une\u00a0nouvelle saison, pleine de promesses.<br \/>\nAlors que nos activit\u00e9s habituelles (Tertulias, Cours de Tango) d\u00e9butaient, notre premi\u00e8re\u00a0projection-rencontre a \u00e9t\u00e9 une\u00a0belle d\u00e9couverte; celle de la Galice, une terre forte et riche (de\u00a0traditions et de caract\u00e8re, au\u00a0moins). Merci \u00e0 Geoffroy Huart pour sa pr\u00e9sentation, nous le retrouverons bient\u00f4t!<br \/>\nCe mois-ci verra le d\u00e9but de nos cours hebdomadaires d\u2019Espagnol, men\u00e9s par Afid Chabanne,\u00a0dont le succ\u00e8s ne s\u2019est jamais d\u00e9menti depuis la cr\u00e9ation de l\u2019association. Et les inscriptions au prochain stage intensif de Toussaint\u00a0sont ouvertes \u00e9galement.<br \/>\nD\u00e8s le 8 octobre, nous\u00a0commencerons la c\u00e9l\u00e9bration de\u00a0la Retirada, 80 ans apr\u00e8s la retraite douloureuses des R\u00e9publicains espagnols, apr\u00e8s trois ans de\u00a0lutte contre le fascisme.<br \/>\nLa Retirada fut un moment\u00a0tragique de l\u2019Espagne contemporaine et nous devions la comm\u00e9morer ; mais cette comm\u00e9moration serait bien creuse si elle ne\u00a0nous ramenait pas \u00e0 des dangers\u00a0et des drames d\u2019aujourd\u2019hui, qui\u00a0n\u00e9cessitent toujours notre vigilance et notre engagement. La\u00a0Retirada fut une d\u00e9route certes,\u00a0mais il est des d\u00e9faites plus belles\u00a0que certaines victoires.<br \/>\nUne bonne nouvelle! Le cycle consacr\u00e9 \u00e0 Pedro Almodovar\u00a0commence ce mois-ci. Nous retrouverons des amis sp\u00e9cialistes\u00a0ou acteurs pour nous pr\u00e9senter\u00a0les films. Ce cycle se rajoute \u00e0\u00a0notre programmation habituelle \u00e0\u00a0Utopia. Quel luxe!!!<br \/>\nUne des fa\u00e7ons de soutenir\u00a0l\u2019association est aussi d\u2019adh\u00e9rer, il\u00a0semblerait que quelques uns\u00a0d\u2019entre vous ne l\u2019aient pas encore\u00a0fait, alors\u2026<br \/>\nC\u2019est le moment d\u2019adh\u00e9rer!<br \/>\n(bulletin \u00e0 la fin de la lettre)<br \/>\n\u00a1Hasta pronto!<\/p>\n<p>Le Bulletin d&rsquo;octobre 2019\u00a0 \u00a0 \u00a0<a href=\"http:\/\/www.contraluz.fr\/documents\/B-Lettre-octobre-2019.pdf\" target=\"_blank\" rel=\"noopener\"><strong>T\u00c9L\u00c9CHARGER LA LETTRE AU FORMAT PDF<\/strong><\/a><\/p>\n<p>&nbsp;<\/p>\n","protected":false},"excerpt":{"rendered":"<div class=\"mh-excerpt\"><p>Chers amis, Apr\u00e8s des vacances studieuses, toute l\u2019\u00e9quipe de Contraluz est pr\u00eate \u00e0 repartir pour une\u00a0nouvelle saison, pleine de promesses. Alors que nos activit\u00e9s habituelles (Tertulias, Cours de Tango) d\u00e9butaient, notre premi\u00e8re\u00a0projection-rencontre a \u00e9t\u00e9 une\u00a0belle d\u00e9couverte; celle de la Galice, une terre forte et riche (de\u00a0traditions et de caract\u00e8re, au\u00a0moins). Merci \u00e0 Geoffroy Huart pour <a class=\"mh-excerpt-more\" href=\"https:\/\/contraluz.fr\/?p=1083\" title=\"Bulletin d&rsquo;information Octobre 2019\">[&#8230;]<\/a><\/p>\n<\/div>","protected":false},"author":1,"featured_media":1171,"comment_status":"closed","ping_status":"open","sticky":false,"template":"","format":"standard","meta":{"footnotes":""},"categories":[7],"tags":[],"class_list":["post-1083","post","type-post","status-publish","format-standard","has-post-thumbnail","hentry","category-actualites"],"_links":{"self":[{"href":"https:\/\/contraluz.fr\/index.php?rest_route=\/wp\/v2\/posts\/1083","targetHints":{"allow":["GET"]}}],"collection":[{"href":"https:\/\/contraluz.fr\/index.php?rest_route=\/wp\/v2\/posts"}],"about":[{"href":"https:\/\/contraluz.fr\/index.php?rest_route=\/wp\/v2\/types\/post"}],"author":[{"embeddable":true,"href":"https:\/\/contraluz.fr\/index.php?rest_route=\/wp\/v2\/users\/1"}],"replies":[{"embeddable":true,"href":"https:\/\/contraluz.fr\/index.php?rest_route=%2Fwp%2Fv2%2Fcomments&post=1083"}],"version-history":[{"count":1,"href":"https:\/\/contraluz.fr\/index.php?rest_route=\/wp\/v2\/posts\/1083\/revisions"}],"predecessor-version":[{"id":1084,"href":"https:\/\/contraluz.fr\/index.php?rest_route=\/wp\/v2\/posts\/1083\/revisions\/1084"}],"wp:featuredmedia":[{"embeddable":true,"href":"https:\/\/contraluz.fr\/index.php?rest_route=\/wp\/v2\/media\/1171"}],"wp:attachment":[{"href":"https:\/\/contraluz.fr\/index.php?rest_route=%2Fwp%2Fv2%2Fmedia&parent=1083"}],"wp:term":[{"taxonomy":"category","embeddable":true,"href":"https:\/\/contraluz.fr\/index.php?rest_route=%2Fwp%2Fv2%2Fcategories&post=1083"},{"taxonomy":"post_tag","embeddable":true,"href":"https:\/\/contraluz.fr\/index.php?rest_route=%2Fwp%2Fv2%2Ftags&post=1083"}],"curies":[{"name":"wp","href":"https:\/\/api.w.org\/{rel}","templated":true}]}}