{"id":1085,"date":"2019-10-01T19:21:45","date_gmt":"2019-10-01T17:21:45","guid":{"rendered":"http:\/\/contraluz.fr\/?p=1085"},"modified":"2019-10-08T14:31:33","modified_gmt":"2019-10-08T12:31:33","slug":"exposition-guerilleros-8-18-oct-hotel-de-ville","status":"publish","type":"post","link":"https:\/\/contraluz.fr\/?p=1085","title":{"rendered":"Exposition Gu\u00e9rilleros 8-18 oct, H\u00f4tel de Ville"},"content":{"rendered":"<p>D\u00e8s le 8 octobre, nous\u00a0commencerons la c\u00e9l\u00e9bration de\u00a0la <strong>Retirada<\/strong>, 80 ans apr\u00e8s la retraite douloureuses des R\u00e9publicains espagnols, apr\u00e8s trois ans de\u00a0lutte contre le fascisme.<\/p>\n<p>La <strong>Retirada<\/strong> fut un moment\u00a0tragique de l\u2019Espagne contemporaine et nous devions la comm\u00e9morer ; mais cette comm\u00e9moration serait bien creuse si elle ne\u00a0nous ramenait pas \u00e0 des dangers\u00a0et des drames d\u2019aujourd\u2019hui, qui\u00a0n\u00e9cessitent toujours notre vigilance et notre engagement.<\/p>\n<p>La\u00a0<strong>Retirada<\/strong> fut une d\u00e9route certes,\u00a0mais il est des d\u00e9faites plus belles\u00a0que certaines victoires.<\/p>\n<p>&nbsp;<\/p>\n","protected":false},"excerpt":{"rendered":"<div class=\"mh-excerpt\"><p>D\u00e8s le 8 octobre, nous\u00a0commencerons la c\u00e9l\u00e9bration de\u00a0la Retirada, 80 ans apr\u00e8s la retraite douloureuses des R\u00e9publicains espagnols, apr\u00e8s trois ans de\u00a0lutte contre le fascisme. La Retirada fut un moment\u00a0tragique de l\u2019Espagne contemporaine et nous devions la comm\u00e9morer ; mais cette comm\u00e9moration serait bien creuse si elle ne\u00a0nous ramenait pas \u00e0 des dangers\u00a0et des drames <a class=\"mh-excerpt-more\" href=\"https:\/\/contraluz.fr\/?p=1085\" title=\"Exposition Gu\u00e9rilleros 8-18 oct, H\u00f4tel de Ville\">[&#8230;]<\/a><\/p>\n<\/div>","protected":false},"author":1,"featured_media":1090,"comment_status":"closed","ping_status":"open","sticky":false,"template":"","format":"standard","meta":{"footnotes":""},"categories":[3],"tags":[],"class_list":["post-1085","post","type-post","status-publish","format-standard","has-post-thumbnail","hentry","category-expositions"],"_links":{"self":[{"href":"https:\/\/contraluz.fr\/index.php?rest_route=\/wp\/v2\/posts\/1085","targetHints":{"allow":["GET"]}}],"collection":[{"href":"https:\/\/contraluz.fr\/index.php?rest_route=\/wp\/v2\/posts"}],"about":[{"href":"https:\/\/contraluz.fr\/index.php?rest_route=\/wp\/v2\/types\/post"}],"author":[{"embeddable":true,"href":"https:\/\/contraluz.fr\/index.php?rest_route=\/wp\/v2\/users\/1"}],"replies":[{"embeddable":true,"href":"https:\/\/contraluz.fr\/index.php?rest_route=%2Fwp%2Fv2%2Fcomments&post=1085"}],"version-history":[{"count":4,"href":"https:\/\/contraluz.fr\/index.php?rest_route=\/wp\/v2\/posts\/1085\/revisions"}],"predecessor-version":[{"id":1096,"href":"https:\/\/contraluz.fr\/index.php?rest_route=\/wp\/v2\/posts\/1085\/revisions\/1096"}],"wp:featuredmedia":[{"embeddable":true,"href":"https:\/\/contraluz.fr\/index.php?rest_route=\/wp\/v2\/media\/1090"}],"wp:attachment":[{"href":"https:\/\/contraluz.fr\/index.php?rest_route=%2Fwp%2Fv2%2Fmedia&parent=1085"}],"wp:term":[{"taxonomy":"category","embeddable":true,"href":"https:\/\/contraluz.fr\/index.php?rest_route=%2Fwp%2Fv2%2Fcategories&post=1085"},{"taxonomy":"post_tag","embeddable":true,"href":"https:\/\/contraluz.fr\/index.php?rest_route=%2Fwp%2Fv2%2Ftags&post=1085"}],"curies":[{"name":"wp","href":"https:\/\/api.w.org\/{rel}","templated":true}]}}