{"id":1092,"date":"2019-10-01T19:20:47","date_gmt":"2019-10-01T17:20:47","guid":{"rendered":"http:\/\/contraluz.fr\/?p=1092"},"modified":"2019-10-08T14:30:36","modified_gmt":"2019-10-08T12:30:36","slug":"cours-despagnol-la-rentree","status":"publish","type":"post","link":"https:\/\/contraluz.fr\/?p=1092","title":{"rendered":"Cours d&rsquo;Espagnol &#8211; la rentr\u00e9e !"},"content":{"rendered":"<p>Les cours d&rsquo;Espagnol reprennent d\u00e8s le 2 oct pour la saison \u00e0 Contraluz<\/p>\n<p>Dispens\u00e9s par un enseignant d\u2019Espagnol, ces cours sont divis\u00e9s en deux niveaux :<\/p>\n<ul>\n<li>D\u00e9butant pour une d\u00e9couverte de la langue<\/li>\n<li>Perfectionnement pour ceux qui dominent d\u00e9j\u00e0 les bases.<\/li>\n<\/ul>\n<p>Les cours peuvent \u00eatre utilement compl\u00e9t\u00e9s\u00a0par les <strong>Tertulias<\/strong>.<\/p>\n<p style=\"text-align: center;\"><strong>Tous les mercredis de 18h30 \u00e0 19h30 ou de 19h30 \u00e0 20h 30<\/strong><br \/>\n\u00e0 la Ligue de l\u2019Enseignement, 5,rue Adrien Marcel, Avignon<br \/>\n<em><strong>Tarif: 230 \u0404 pour 30 h de cours (plus adh\u00e9sion)<\/strong><\/em><br \/>\n<em><strong>Etudiants\/ch\u00f4meurs: 190\u0404 pour 30 h de cours (plus adh\u00e9sion)<\/strong><\/em><br \/>\nRenseignements: 06 62 19 84 16<\/p>\n<h2 style=\"text-align: center;\"><span style=\"color: #ff0000;\">Premier rendez-vous pour tous<\/span><br \/>\n<span style=\"color: #ff0000;\">le mercredi 2 octobre, 18h30<\/span><\/h2>\n<p>&nbsp;<\/p>\n","protected":false},"excerpt":{"rendered":"<div class=\"mh-excerpt\"><p>Les cours d&rsquo;Espagnol reprennent d\u00e8s le 2 oct pour la saison \u00e0 Contraluz Dispens\u00e9s par un enseignant d\u2019Espagnol, ces cours sont divis\u00e9s en deux niveaux : D\u00e9butant pour une d\u00e9couverte de la langue Perfectionnement pour ceux qui dominent d\u00e9j\u00e0 les bases. Les cours peuvent \u00eatre utilement compl\u00e9t\u00e9s\u00a0par les Tertulias. Tous les mercredis de 18h30 \u00e0 <a class=\"mh-excerpt-more\" href=\"https:\/\/contraluz.fr\/?p=1092\" title=\"Cours d&rsquo;Espagnol &#8211; la rentr\u00e9e !\">[&#8230;]<\/a><\/p>\n<\/div>","protected":false},"author":1,"featured_media":1093,"comment_status":"closed","ping_status":"open","sticky":false,"template":"","format":"standard","meta":{"footnotes":""},"categories":[4],"tags":[],"class_list":["post-1092","post","type-post","status-publish","format-standard","has-post-thumbnail","hentry","category-cours"],"_links":{"self":[{"href":"https:\/\/contraluz.fr\/index.php?rest_route=\/wp\/v2\/posts\/1092","targetHints":{"allow":["GET"]}}],"collection":[{"href":"https:\/\/contraluz.fr\/index.php?rest_route=\/wp\/v2\/posts"}],"about":[{"href":"https:\/\/contraluz.fr\/index.php?rest_route=\/wp\/v2\/types\/post"}],"author":[{"embeddable":true,"href":"https:\/\/contraluz.fr\/index.php?rest_route=\/wp\/v2\/users\/1"}],"replies":[{"embeddable":true,"href":"https:\/\/contraluz.fr\/index.php?rest_route=%2Fwp%2Fv2%2Fcomments&post=1092"}],"version-history":[{"count":2,"href":"https:\/\/contraluz.fr\/index.php?rest_route=\/wp\/v2\/posts\/1092\/revisions"}],"predecessor-version":[{"id":1095,"href":"https:\/\/contraluz.fr\/index.php?rest_route=\/wp\/v2\/posts\/1092\/revisions\/1095"}],"wp:featuredmedia":[{"embeddable":true,"href":"https:\/\/contraluz.fr\/index.php?rest_route=\/wp\/v2\/media\/1093"}],"wp:attachment":[{"href":"https:\/\/contraluz.fr\/index.php?rest_route=%2Fwp%2Fv2%2Fmedia&parent=1092"}],"wp:term":[{"taxonomy":"category","embeddable":true,"href":"https:\/\/contraluz.fr\/index.php?rest_route=%2Fwp%2Fv2%2Fcategories&post=1092"},{"taxonomy":"post_tag","embeddable":true,"href":"https:\/\/contraluz.fr\/index.php?rest_route=%2Fwp%2Fv2%2Ftags&post=1092"}],"curies":[{"name":"wp","href":"https:\/\/api.w.org\/{rel}","templated":true}]}}