{"id":1182,"date":"2020-01-08T12:48:09","date_gmt":"2020-01-08T11:48:09","guid":{"rendered":"http:\/\/contraluz.fr\/?p=1182"},"modified":"2020-01-15T12:42:41","modified_gmt":"2020-01-15T11:42:41","slug":"celebration-des-80-ans-de-la-retirada","status":"publish","type":"post","link":"https:\/\/contraluz.fr\/?p=1182","title":{"rendered":"C\u00e9l\u00e9bration des 80 ans de la Retirada &#8211; Exilio, Th\u00e9\u00e2tre des Carmes, place des Carmes &#8211; jeudi 16 janvier \u00e0 14h"},"content":{"rendered":"<p><a href=\"http:\/\/contraluz.fr\/wp-content\/uploads\/2020\/01\/Exilio.jpg\"><img loading=\"lazy\" decoding=\"async\" class=\"wp-image-1183 aligncenter\" src=\"http:\/\/contraluz.fr\/wp-content\/uploads\/2020\/01\/Exilio-300x233.jpg\" alt=\"\" width=\"919\" height=\"714\" data-id=\"1183\" srcset=\"https:\/\/contraluz.fr\/wp-content\/uploads\/2020\/01\/Exilio-300x233.jpg 300w, https:\/\/contraluz.fr\/wp-content\/uploads\/2020\/01\/Exilio-768x597.jpg 768w, https:\/\/contraluz.fr\/wp-content\/uploads\/2020\/01\/Exilio-1024x796.jpg 1024w, https:\/\/contraluz.fr\/wp-content\/uploads\/2020\/01\/Exilio.jpg 1032w\" sizes=\"auto, (max-width: 919px) 100vw, 919px\" \/><\/a><\/p>\n<p>Dans le cadre du projet Retirada men\u00e9 par les professeurs Jean-Fran\u00e7ois Grima et Leila Zounaki au sein du lyc\u00e9e Fr\u00e9d\u00e9ric Mistral \u00e0 Avignon, la pr\u00e9sentation d&rsquo;extraits d&rsquo;Exilio est le fruit de l&rsquo;enthousiasme des \u00e9l\u00e8ves de Premi\u00e8re de la section sp\u00e9cialit\u00e9 d&rsquo;espagnol.<\/p>\n<p>Janvier 1939, fin de la guerre d&rsquo;Espagne, la Retirada. Deux r\u00e9publicains espagnols vivent avec leurs camarades ces derniers jours de lutte, puis l&rsquo;exode, la travers\u00e9e de la fronti\u00e8re et la d\u00e9couverte des camps.<\/p>\n<p>Exilio : r\u00e9cit de la d\u00e9chirure. L&rsquo;aventure de milliers de r\u00e9publicains Espagnols contraints de fuir leur pays pour avoir tent\u00e9 d&rsquo;y d\u00e9fendre leur id\u00e9al de justice et de libert\u00e9.<\/p>\n<p>\u00ab\u00a0L&rsquo;exil aussi commence o\u00f9 finit l&rsquo;exode. Exil\u00e9 d&rsquo;un lieu, on le reste \u00e0 jamais dans un autre.\u00a0\u00bb<\/p>\n<p>Lyc\u00e9e Mistral \/ Texte d&rsquo;apr\u00e8s Sara Sonthonnax \/ Mise en sc\u00e8ne Christine Matos \/ Avec les \u00e9l\u00e8ves du lyc\u00e9e Mistral<\/p>\n<p>Dur\u00e9e estim\u00e9e 1h<\/p>\n<p>Site web :\u00a0<a class=\"underline\" href=\"http:\/\/www.theatredescarmes.com\/\" target=\"_blank\" rel=\"noopener\">http:\/\/www.theatredescarmes.com\/<\/a><\/p>\n<p>Infos r\u00e9servation :<\/p>\n<p>04 90 82 20 47<\/p>\n<p>&nbsp;<\/p>\n","protected":false},"excerpt":{"rendered":"<div class=\"mh-excerpt\"><p>Dans le cadre du projet Retirada men\u00e9 par les professeurs Jean-Fran\u00e7ois Grima et Leila Zounaki au sein du lyc\u00e9e Fr\u00e9d\u00e9ric Mistral \u00e0 Avignon, la pr\u00e9sentation d&rsquo;extraits d&rsquo;Exilio est le fruit de l&rsquo;enthousiasme des \u00e9l\u00e8ves de Premi\u00e8re de la section sp\u00e9cialit\u00e9 d&rsquo;espagnol. Janvier 1939, fin de la guerre d&rsquo;Espagne, la Retirada. Deux r\u00e9publicains espagnols vivent avec <a class=\"mh-excerpt-more\" href=\"https:\/\/contraluz.fr\/?p=1182\" title=\"C\u00e9l\u00e9bration des 80 ans de la Retirada &#8211; Exilio, Th\u00e9\u00e2tre des Carmes, place des Carmes &#8211; jeudi 16 janvier \u00e0 14h\">[&#8230;]<\/a><\/p>\n<\/div>","protected":false},"author":1,"featured_media":1214,"comment_status":"closed","ping_status":"open","sticky":false,"template":"","format":"standard","meta":{"footnotes":""},"categories":[3],"tags":[],"class_list":["post-1182","post","type-post","status-publish","format-standard","has-post-thumbnail","hentry","category-expositions"],"_links":{"self":[{"href":"https:\/\/contraluz.fr\/index.php?rest_route=\/wp\/v2\/posts\/1182","targetHints":{"allow":["GET"]}}],"collection":[{"href":"https:\/\/contraluz.fr\/index.php?rest_route=\/wp\/v2\/posts"}],"about":[{"href":"https:\/\/contraluz.fr\/index.php?rest_route=\/wp\/v2\/types\/post"}],"author":[{"embeddable":true,"href":"https:\/\/contraluz.fr\/index.php?rest_route=\/wp\/v2\/users\/1"}],"replies":[{"embeddable":true,"href":"https:\/\/contraluz.fr\/index.php?rest_route=%2Fwp%2Fv2%2Fcomments&post=1182"}],"version-history":[{"count":6,"href":"https:\/\/contraluz.fr\/index.php?rest_route=\/wp\/v2\/posts\/1182\/revisions"}],"predecessor-version":[{"id":1198,"href":"https:\/\/contraluz.fr\/index.php?rest_route=\/wp\/v2\/posts\/1182\/revisions\/1198"}],"wp:featuredmedia":[{"embeddable":true,"href":"https:\/\/contraluz.fr\/index.php?rest_route=\/wp\/v2\/media\/1214"}],"wp:attachment":[{"href":"https:\/\/contraluz.fr\/index.php?rest_route=%2Fwp%2Fv2%2Fmedia&parent=1182"}],"wp:term":[{"taxonomy":"category","embeddable":true,"href":"https:\/\/contraluz.fr\/index.php?rest_route=%2Fwp%2Fv2%2Fcategories&post=1182"},{"taxonomy":"post_tag","embeddable":true,"href":"https:\/\/contraluz.fr\/index.php?rest_route=%2Fwp%2Fv2%2Ftags&post=1182"}],"curies":[{"name":"wp","href":"https:\/\/api.w.org\/{rel}","templated":true}]}}