{"id":1416,"date":"2021-09-18T22:49:25","date_gmt":"2021-09-18T20:49:25","guid":{"rendered":"http:\/\/contraluz.fr\/?p=1416"},"modified":"2021-12-02T20:39:39","modified_gmt":"2021-12-02T19:39:39","slug":"rencontre-exceptionnelle-avec-le-juge-espagnol-baltasar-garzon-8-et-9-octobre","status":"publish","type":"post","link":"https:\/\/contraluz.fr\/?p=1416","title":{"rendered":"Rencontre exceptionnelle avec le juge espagnol Baltasar Garz\u00f3n &#8211; 8 et 9 octobre"},"content":{"rendered":"<h3 style=\"text-align: center;\"><strong>A retenir pour le mois d\u2019octobre<\/strong><br \/>\n<span style=\"color: #ff0000;\">Nous recevrons le juge espagnol Baltasar Garz\u00f3n<\/span><br \/>\n<span style=\"color: #ff0000;\">pour une rencontre exceptionnelle <\/span><br \/>\n<span style=\"color: #ff0000;\">\u00e0 l\u2019occasion de la sortie de son livre<\/span><br \/>\n<span style=\"color: #ff0000;\">La encrucijada (la crois\u00e9e des chemins)<\/span><\/h3>\n<p style=\"text-align: center;\"><strong><em>Vendredi 08 et samedi 09 Octobre 2021<\/em><\/strong><\/p>\n<p><a href=\"http:\/\/contraluz.fr\/wp-content\/uploads\/2021\/09\/GARZNLaencrucijada1.jpg\"><img loading=\"lazy\" decoding=\"async\" class=\"size-medium wp-image-1418 alignleft\" src=\"http:\/\/contraluz.fr\/wp-content\/uploads\/2021\/09\/GARZNLaencrucijada1-225x300.jpg\" alt=\"\" width=\"225\" height=\"300\" data-id=\"1418\" srcset=\"https:\/\/contraluz.fr\/wp-content\/uploads\/2021\/09\/GARZNLaencrucijada1-225x300.jpg 225w, https:\/\/contraluz.fr\/wp-content\/uploads\/2021\/09\/GARZNLaencrucijada1-768x1024.jpg 768w\" sizes=\"auto, (max-width: 225px) 100vw, 225px\" \/><\/a><\/p>\n<p>Consid\u00e9r\u00e9 par beaucoup comme une des consciences de l&rsquo;Humanit\u00e9, Baltasar Garz\u00f3n s&rsquo;est fait conna\u00eetre du grand public lors de l&rsquo;action qu&rsquo;il a men\u00e9 contre le dictateur chilien Pinochet ; mais il compte une grande carri\u00e8re dans la poursuite des crimes contre l&rsquo;Humanit\u00e9, de la corruption et du terrorisme ainsi que dans la d\u00e9fense des Droits Humains.<\/p>\n<p>Il est \u00e9galement le d\u00e9fenseur de Julien Assange, le lanceur d&rsquo;alerte \u00e0 l&rsquo;initiative de WikiLeaks.<\/p>\n<p>Cette rencontre sera l&rsquo;occasion de revenir sur l&rsquo;ensemble de sa carri\u00e8re mais aussi d&rsquo;envisager le \u00ab\u00a0monde d&rsquo;apr\u00e8s\u00a0\u00bb.<\/p>\n<p>&nbsp;<\/p>\n<p>Dans <strong><em>La encrucijada<\/em><\/strong>, Baltasar Garz\u00f3n pr\u00e9sente de nombreuses \u00ab\u00a0id\u00e9es et valeurs face \u00e0 l&rsquo;indiff\u00e9rence\u00a0\u00bb ; il pose ainsi les bases d&rsquo;un monde futur fond\u00e9 sur &#8230; La Justice.<\/p>\n<p>Rencontre en Fran\u00e7ais anim\u00e9e par Jos\u00e9 Enrique Martinez Lapuente, \u00e9crivain et journaliste.<\/p>\n<p style=\"text-align: center;\"><a href=\"http:\/\/contraluz.fr\/wp-content\/uploads\/2021\/09\/Annonce-Garzon-Octobre-2021.pub_.jpg\"><img loading=\"lazy\" decoding=\"async\" class=\"wp-image-1463 size-medium aligncenter\" src=\"http:\/\/contraluz.fr\/wp-content\/uploads\/2021\/09\/Annonce-Garzon-Octobre-2021.pub_-300x257.jpg\" alt=\"\" width=\"300\" height=\"257\" data-id=\"1463\" srcset=\"https:\/\/contraluz.fr\/wp-content\/uploads\/2021\/09\/Annonce-Garzon-Octobre-2021.pub_-300x257.jpg 300w, https:\/\/contraluz.fr\/wp-content\/uploads\/2021\/09\/Annonce-Garzon-Octobre-2021.pub_-768x658.jpg 768w, https:\/\/contraluz.fr\/wp-content\/uploads\/2021\/09\/Annonce-Garzon-Octobre-2021.pub_-1024x878.jpg 1024w, https:\/\/contraluz.fr\/wp-content\/uploads\/2021\/09\/Annonce-Garzon-Octobre-2021.pub_.jpg 1240w\" sizes=\"auto, (max-width: 300px) 100vw, 300px\" \/><\/a><\/p>\n<p>&nbsp;<\/p>\n","protected":false},"excerpt":{"rendered":"<div class=\"mh-excerpt\"><p>A retenir pour le mois d\u2019octobre Nous recevrons le juge espagnol Baltasar Garz\u00f3n pour une rencontre exceptionnelle \u00e0 l\u2019occasion de la sortie de son livre La encrucijada (la crois\u00e9e des chemins) Vendredi 08 et samedi 09 Octobre 2021 Consid\u00e9r\u00e9 par beaucoup comme une des consciences de l&rsquo;Humanit\u00e9, Baltasar Garz\u00f3n s&rsquo;est fait conna\u00eetre du grand public <a class=\"mh-excerpt-more\" href=\"https:\/\/contraluz.fr\/?p=1416\" title=\"Rencontre exceptionnelle avec le juge espagnol Baltasar Garz\u00f3n &#8211; 8 et 9 octobre\">[&#8230;]<\/a><\/p>\n<\/div>","protected":false},"author":1,"featured_media":1463,"comment_status":"closed","ping_status":"open","sticky":false,"template":"","format":"standard","meta":{"footnotes":""},"categories":[7],"tags":[],"class_list":["post-1416","post","type-post","status-publish","format-standard","has-post-thumbnail","hentry","category-actualites"],"_links":{"self":[{"href":"https:\/\/contraluz.fr\/index.php?rest_route=\/wp\/v2\/posts\/1416","targetHints":{"allow":["GET"]}}],"collection":[{"href":"https:\/\/contraluz.fr\/index.php?rest_route=\/wp\/v2\/posts"}],"about":[{"href":"https:\/\/contraluz.fr\/index.php?rest_route=\/wp\/v2\/types\/post"}],"author":[{"embeddable":true,"href":"https:\/\/contraluz.fr\/index.php?rest_route=\/wp\/v2\/users\/1"}],"replies":[{"embeddable":true,"href":"https:\/\/contraluz.fr\/index.php?rest_route=%2Fwp%2Fv2%2Fcomments&post=1416"}],"version-history":[{"count":7,"href":"https:\/\/contraluz.fr\/index.php?rest_route=\/wp\/v2\/posts\/1416\/revisions"}],"predecessor-version":[{"id":1529,"href":"https:\/\/contraluz.fr\/index.php?rest_route=\/wp\/v2\/posts\/1416\/revisions\/1529"}],"wp:featuredmedia":[{"embeddable":true,"href":"https:\/\/contraluz.fr\/index.php?rest_route=\/wp\/v2\/media\/1463"}],"wp:attachment":[{"href":"https:\/\/contraluz.fr\/index.php?rest_route=%2Fwp%2Fv2%2Fmedia&parent=1416"}],"wp:term":[{"taxonomy":"category","embeddable":true,"href":"https:\/\/contraluz.fr\/index.php?rest_route=%2Fwp%2Fv2%2Fcategories&post=1416"},{"taxonomy":"post_tag","embeddable":true,"href":"https:\/\/contraluz.fr\/index.php?rest_route=%2Fwp%2Fv2%2Ftags&post=1416"}],"curies":[{"name":"wp","href":"https:\/\/api.w.org\/{rel}","templated":true}]}}