{"id":1632,"date":"2022-03-17T14:48:43","date_gmt":"2022-03-17T13:48:43","guid":{"rendered":"http:\/\/contraluz.fr\/?p=1632"},"modified":"2022-03-17T15:45:10","modified_gmt":"2022-03-17T14:45:10","slug":"contraluz-aux-halles-davignon","status":"publish","type":"post","link":"https:\/\/contraluz.fr\/?p=1632","title":{"rendered":"Contraluz aux Halles d&rsquo;Avignon &#8211; 25, 26 et 27 mars de 10h30 \u00e0 13h"},"content":{"rendered":"<p style=\"text-align: center;\">L&rsquo;association a besoin de vous. N&rsquo;h\u00e9sitez pas \u00e0 vous inscrire pour pr\u00e9senter <strong>Contraluz aux Halles d&rsquo;Avignon<\/strong>.<\/p>\n<p><a href=\"http:\/\/contraluz.fr\/wp-content\/uploads\/2022\/03\/Halles-Mars-2022-Moyen.jpg\"><img loading=\"lazy\" decoding=\"async\" class=\"wp-image-1633 aligncenter\" src=\"http:\/\/contraluz.fr\/wp-content\/uploads\/2022\/03\/Halles-Mars-2022-Moyen-213x300.jpg\" alt=\"\" width=\"959\" height=\"1351\" data-id=\"1633\" srcset=\"https:\/\/contraluz.fr\/wp-content\/uploads\/2022\/03\/Halles-Mars-2022-Moyen-213x300.jpg 213w, https:\/\/contraluz.fr\/wp-content\/uploads\/2022\/03\/Halles-Mars-2022-Moyen.jpg 573w\" sizes=\"auto, (max-width: 959px) 100vw, 959px\" \/><\/a><\/p>\n<p>&nbsp;<\/p>\n","protected":false},"excerpt":{"rendered":"<div class=\"mh-excerpt\"><p>L&rsquo;association a besoin de vous. N&rsquo;h\u00e9sitez pas \u00e0 vous inscrire pour pr\u00e9senter Contraluz aux Halles d&rsquo;Avignon. &nbsp;<\/p>\n<\/div>","protected":false},"author":1,"featured_media":1638,"comment_status":"closed","ping_status":"open","sticky":false,"template":"","format":"standard","meta":{"footnotes":""},"categories":[7],"tags":[],"class_list":["post-1632","post","type-post","status-publish","format-standard","has-post-thumbnail","hentry","category-actualites"],"_links":{"self":[{"href":"https:\/\/contraluz.fr\/index.php?rest_route=\/wp\/v2\/posts\/1632","targetHints":{"allow":["GET"]}}],"collection":[{"href":"https:\/\/contraluz.fr\/index.php?rest_route=\/wp\/v2\/posts"}],"about":[{"href":"https:\/\/contraluz.fr\/index.php?rest_route=\/wp\/v2\/types\/post"}],"author":[{"embeddable":true,"href":"https:\/\/contraluz.fr\/index.php?rest_route=\/wp\/v2\/users\/1"}],"replies":[{"embeddable":true,"href":"https:\/\/contraluz.fr\/index.php?rest_route=%2Fwp%2Fv2%2Fcomments&post=1632"}],"version-history":[{"count":3,"href":"https:\/\/contraluz.fr\/index.php?rest_route=\/wp\/v2\/posts\/1632\/revisions"}],"predecessor-version":[{"id":1636,"href":"https:\/\/contraluz.fr\/index.php?rest_route=\/wp\/v2\/posts\/1632\/revisions\/1636"}],"wp:featuredmedia":[{"embeddable":true,"href":"https:\/\/contraluz.fr\/index.php?rest_route=\/wp\/v2\/media\/1638"}],"wp:attachment":[{"href":"https:\/\/contraluz.fr\/index.php?rest_route=%2Fwp%2Fv2%2Fmedia&parent=1632"}],"wp:term":[{"taxonomy":"category","embeddable":true,"href":"https:\/\/contraluz.fr\/index.php?rest_route=%2Fwp%2Fv2%2Fcategories&post=1632"},{"taxonomy":"post_tag","embeddable":true,"href":"https:\/\/contraluz.fr\/index.php?rest_route=%2Fwp%2Fv2%2Ftags&post=1632"}],"curies":[{"name":"wp","href":"https:\/\/api.w.org\/{rel}","templated":true}]}}