{"id":2035,"date":"2023-07-08T18:29:10","date_gmt":"2023-07-08T16:29:10","guid":{"rendered":"http:\/\/contraluz.fr\/?p=2035"},"modified":"2023-07-08T22:16:09","modified_gmt":"2023-07-08T20:16:09","slug":"exode-argentine","status":"publish","type":"post","link":"https:\/\/contraluz.fr\/?p=2035","title":{"rendered":"(EX)ODE\u00a0\u00bb (Argentine)"},"content":{"rendered":"<h2 id=\"viewer-efsej\" class=\"xVISr Y9Dpf bCMSCT OZy-3 lnyWN yMZv8w bCMSCT public-DraftStyleDefault-block-depth0 fixed-tab-size public-DraftStyleDefault-text-ltr\" style=\"text-align: center;\"><span class=\"B2EFF public-DraftStyleDefault-ltr\">\u00a0(EX)ODE (Argentine)<br \/>\n<\/span>\u00a0L<span class=\"B2EFF public-DraftStyleDefault-ltr\">a Factory &#8211; Salle Tomasi<\/span><\/h2>\n<div data-hook=\"rcv-block27\">\n<div style=\"text-align: center;\" data-hook=\"rcv-block27\"><span class=\"B2EFF public-DraftStyleDefault-ltr\">Du 7 au 29 juillet \u00e0 15h55<br \/>\n<\/span><span class=\"B2EFF public-DraftStyleDefault-ltr\">rel\u00e2ches : 10, 17, 24<\/span><\/div>\n<p data-hook=\"rcv-block27\"><span class=\"B2EFF public-DraftStyleDefault-ltr\">Un spectacle \u00e9mouvant et po\u00e9tique, une ode \u00e0 la tol\u00e9rance et \u00e0 la d\u00e9couverte des cultures du monde entier.<\/span><\/p>\n<p data-hook=\"rcv-block27\"><span class=\"B2EFF public-DraftStyleDefault-ltr\"><em>Nassif a 21 ans en 1897 lorsqu&rsquo;il quitte Beyrouth pour aller en Patagonie argentine. Son arri\u00e8re-petit-fils Mat\u00edas, n\u00e9 \u00e0 Buenos Aires, a 28 ans en 2001 lorsqu\u2019il arrive en France. \u00c0 partir de l\u2019histoire de sa famille et de sa propre exp\u00e9rience d&rsquo;exil, Mat\u00edas Chebel rend hommage aux migrants de tous les temps.<\/em><\/span><\/p>\n<p><em>\u00ab\u00a0(Ex)ode<\/em>, \u00e9crit et mis en sc\u00e8ne par Mat\u00edas Chebel, allie r\u00e9cits et chansons du monde entier \u00e0 partir de son parcours familial. Avec Elie Maalouf (piano, buzuq et percussions) et Marc Vorchin (saxophone, clarinette, fl\u00fbte et percussions) pour porter sa parole, il entend \u00ab\u00a0<em>livrer un r\u00e9cit universel et plein d\u2019humanit\u00e9, rendant ainsi\u00a0hommage aux migrants de tous les temps<\/em>\u00a0\u00bb. Un r\u00e9cital-concert qui prend tout son sens \u00e0 l\u2019heure o\u00f9 l\u2019Europe est au c\u0153ur de vastes mouvements de populations.\u00a0\u00bb (Journal La terrasse)<\/p>\n<\/div>\n<h3 style=\"text-align: center;\" data-hook=\"rcv-block27\"><a href=\"http:\/\/contraluz.fr\/wp-content\/uploads\/2023\/07\/exOde.pdf\" target=\"_blank\" rel=\"noopener\">\u00a0T\u00e9l\u00e9charger le Flyer<\/a><\/h3>\n<div data-hook=\"rcv-block27\">\n<p><iframe loading=\"lazy\" width=\"600\" height=\"338\" src=\"https:\/\/www.youtube.com\/embed\/FoEfRxTdPJc?feature=oembed\" frameborder=\"0\" allow=\"accelerometer; autoplay; clipboard-write; encrypted-media; gyroscope; picture-in-picture; web-share\" allowfullscreen title=\"(ex)Ode | Teaser Avignon 2023 | Cie Zumbo\"><\/iframe><\/p>\n<\/div>\n<div data-hook=\"rcv-block27\"><\/div>\n<div data-hook=\"rcv-block27\"><\/div>\n<p id=\"viewer-bmoaq\" class=\"xVISr Y9Dpf bCMSCT OZy-3 lnyWN yMZv8w bCMSCT public-DraftStyleDefault-block-depth0 fixed-tab-size public-DraftStyleDefault-text-ltr\">\n","protected":false},"excerpt":{"rendered":"<div class=\"mh-excerpt\"><p>\u00a0(EX)ODE (Argentine) \u00a0La Factory &#8211; Salle Tomasi Du 7 au 29 juillet \u00e0 15h55 rel\u00e2ches : 10, 17, 24 Un spectacle \u00e9mouvant et po\u00e9tique, une ode \u00e0 la tol\u00e9rance et \u00e0 la d\u00e9couverte des cultures du monde entier. Nassif a 21 ans en 1897 lorsqu&rsquo;il quitte Beyrouth pour aller en Patagonie argentine. Son arri\u00e8re-petit-fils Mat\u00edas, <a class=\"mh-excerpt-more\" href=\"https:\/\/contraluz.fr\/?p=2035\" title=\"(EX)ODE\u00a0\u00bb (Argentine)\">[&#8230;]<\/a><\/p>\n<\/div>","protected":false},"author":1,"featured_media":2043,"comment_status":"closed","ping_status":"open","sticky":false,"template":"","format":"standard","meta":{"footnotes":""},"categories":[2],"tags":[],"class_list":["post-2035","post","type-post","status-publish","format-standard","has-post-thumbnail","hentry","category-soirees"],"_links":{"self":[{"href":"https:\/\/contraluz.fr\/index.php?rest_route=\/wp\/v2\/posts\/2035","targetHints":{"allow":["GET"]}}],"collection":[{"href":"https:\/\/contraluz.fr\/index.php?rest_route=\/wp\/v2\/posts"}],"about":[{"href":"https:\/\/contraluz.fr\/index.php?rest_route=\/wp\/v2\/types\/post"}],"author":[{"embeddable":true,"href":"https:\/\/contraluz.fr\/index.php?rest_route=\/wp\/v2\/users\/1"}],"replies":[{"embeddable":true,"href":"https:\/\/contraluz.fr\/index.php?rest_route=%2Fwp%2Fv2%2Fcomments&post=2035"}],"version-history":[{"count":19,"href":"https:\/\/contraluz.fr\/index.php?rest_route=\/wp\/v2\/posts\/2035\/revisions"}],"predecessor-version":[{"id":2059,"href":"https:\/\/contraluz.fr\/index.php?rest_route=\/wp\/v2\/posts\/2035\/revisions\/2059"}],"wp:featuredmedia":[{"embeddable":true,"href":"https:\/\/contraluz.fr\/index.php?rest_route=\/wp\/v2\/media\/2043"}],"wp:attachment":[{"href":"https:\/\/contraluz.fr\/index.php?rest_route=%2Fwp%2Fv2%2Fmedia&parent=2035"}],"wp:term":[{"taxonomy":"category","embeddable":true,"href":"https:\/\/contraluz.fr\/index.php?rest_route=%2Fwp%2Fv2%2Fcategories&post=2035"},{"taxonomy":"post_tag","embeddable":true,"href":"https:\/\/contraluz.fr\/index.php?rest_route=%2Fwp%2Fv2%2Ftags&post=2035"}],"curies":[{"name":"wp","href":"https:\/\/api.w.org\/{rel}","templated":true}]}}