{"id":2075,"date":"2023-07-14T16:45:25","date_gmt":"2023-07-14T14:45:25","guid":{"rendered":"http:\/\/contraluz.fr\/?p=2075"},"modified":"2023-07-16T16:00:01","modified_gmt":"2023-07-16T14:00:01","slug":"le-temps-dune-triple-croche-ariane-dumont-lewi","status":"publish","type":"post","link":"https:\/\/contraluz.fr\/?p=2075","title":{"rendered":"Le temps d&rsquo;une triple croche &#8211; Ariane Dumont Lewi &#8211; La Manufacture"},"content":{"rendered":"<h1 style=\"text-align: center;\">LE TEMPS D\u2019UNE TRIPLE-CROCHE<\/h1>\n<p class=\"artistes\" style=\"text-align: center;\"><i class=\"fal fa-theater-masks\" aria-hidden=\"true\"><\/i>\u00a0BOUQUET DE CHARDONS &#8211; ARIANE DUMONT-LEWI<\/p>\n<p class=\"text-black\" style=\"text-align: center;\"><a href=\"https:\/\/lamanufacture.org\/programmation\/le-temps-dune-triple-croche\/\" target=\"_blank\" rel=\"noopener\"><i class=\"fa fa-building-o\" aria-hidden=\"true\"><\/i>\u00a0MANUFACTURE (LA)<\/a><\/p>\n<p class=\"text-muted small\" style=\"text-align: center;\">2 bis, rue des \u00e9coles\u00a084000 &#8211; Avignon<\/p>\n<h4><em>Un spectacle complet, entre chant, violon et violoncelle, avec un texte juste et\u00a0<\/em><em>beau<\/em><em>, \u00e0 voir absolument !<\/em><\/h4>\n<div class=\"pres-spectacle\">\n<p><a href=\"http:\/\/contraluz.fr\/wp-content\/uploads\/2023\/07\/triple-croche.jpg\"><img loading=\"lazy\" decoding=\"async\" class=\" wp-image-2076 alignleft\" src=\"http:\/\/contraluz.fr\/wp-content\/uploads\/2023\/07\/triple-croche-300x169.jpg\" alt=\"\" width=\"298\" height=\"168\" data-id=\"2076\" srcset=\"https:\/\/contraluz.fr\/wp-content\/uploads\/2023\/07\/triple-croche-300x169.jpg 300w, https:\/\/contraluz.fr\/wp-content\/uploads\/2023\/07\/triple-croche-768x432.jpg 768w, https:\/\/contraluz.fr\/wp-content\/uploads\/2023\/07\/triple-croche-1024x576.jpg 1024w, https:\/\/contraluz.fr\/wp-content\/uploads\/2023\/07\/triple-croche-678x381.jpg 678w, https:\/\/contraluz.fr\/wp-content\/uploads\/2023\/07\/triple-croche.jpg 2048w\" sizes=\"auto, (max-width: 298px) 100vw, 298px\" \/><\/a><\/p>\n<div class=\"col-lg-60\">\n<p>Un violon, un violoncelle. Deux jeunes femmes, deux voix, deux instruments.<br \/>\nElles sont musiciennes, ont grandi avec, dans et pour la musique. Une enfance de musiciennes, donc, puis une adolescence de musiciennes.<br \/>\nElles se racontent, rejouent leur naissance \u00e0 la musique, leurs premi\u00e8res \u00e9motions sonores, \u00e9cartel\u00e9es entre deux p\u00f4les : d\u2019un c\u00f4t\u00e9 la joie infinie de toucher du doigt la beaut\u00e9, et de l\u2019autre, la violence p\u00e9dagogique, les d\u00e9g\u00e2ts caus\u00e9s par une jeunesse \u00e0 c\u00f4t\u00e9 du monde.<\/p>\n<p>Spectacle autofictionnel nourri des t\u00e9moignages d\u2019une trentaine de musicien\u00b7nes,\u00a0<em>Le temps d\u2019une triple-croche\u00a0<\/em>retrace le parcours intime et collectif des interpr\u00e8tes de musique classique. Un chemin initiatique vers la beaut\u00e9, dont la violence p\u00e9dagogique vient souvent d\u00e9tourner le cours.<\/p>\n<\/div>\n<div class=\"col-lg-60\">\n<p>\u00ab\u00a0Un spectacle inspirant&#8230; deux artistes formidables.\u00a0\u00bb Le Point<\/p>\n<p>\u00ab\u00a0Un bijou de gr\u00e2ce et de dr\u00f4lerie, et une le\u00e7on de vie.\u00a0\u00bb Th\u00e9\u00e2tral magazine<\/p>\n<p><strong>Ariane Dumont Lewi<\/strong>\u00a0a mis en sc\u00e8ne plusieurs spectacles m\u00ealant texte et musique, notamment \u00ab\u00a0Ma famille\u00a0\u00bb de Carlos Liscano.<br \/>\nApr\u00e8s \u00ab\u00a0Ma famille\u00a0\u00bb, plusieurs auteurs d\u2019Am\u00e9rique du Sud lui confient des textes dont elle propose des lectures musicales (notamment Jaime Chabaud, pour \u00ab\u00a0Des larmes d\u2019eau douce\u00a0\u00bb &#8211; Mexique, Javier Malpica pour \u00ab\u00a0Papa est dans l\u2019Atlantide\u00a0\u00bb &#8211; Mexique, et Patricia Zangaro pour \u00ab\u00a0Tango\u00a0\u00bb &#8211; Argentine)<\/p>\n<p>En 2022, elle \u00e9crit, met en sc\u00e8ne et interpr\u00e8te \u00ab\u00a0Manuel de Falla \u2013 l\u2019Eternel\u00a0\u00bb au th\u00e9\u00e2tre de l\u2019Atelier, spectacle musical r\u00e9unissant deux com\u00e9dien.nes, une soprano, une danseuse de flamenco et un quatuor \u00e0 cordes.<\/p>\n<p>\u00ab\u00a0Le temps d&rsquo;une triple-croche\u00a0\u00bb, cr\u00e9\u00e9 en 2022, est son premier texte port\u00e9 \u00e0 la sc\u00e8ne.<\/p>\n<h3><a href=\"https:\/\/www.loeildolivier.fr\/2023\/07\/le-temps-dune-triple-croche-des-petites-virtuoses-prennent-leur-envol\/\" target=\"_blank\" rel=\"noopener\">Un avis sur le site de l&rsquo;oeil d&rsquo;Olivier<\/a><\/h3>\n<p>&nbsp;<\/p>\n<p><iframe loading=\"lazy\" title=\"Le temps d&#039;une triple-croche - Avignon Off 2023 - La Manufacture\" src=\"https:\/\/player.vimeo.com\/video\/823993897?dnt=1&amp;app_id=122963\" width=\"500\" height=\"281\" frameborder=\"0\" allow=\"autoplay; fullscreen; picture-in-picture; clipboard-write\"><\/iframe><\/p>\n<p>&nbsp;<\/p>\n<\/div>\n<div class=\"col-lg-60\"><\/div>\n<\/div>\n","protected":false},"excerpt":{"rendered":"<div class=\"mh-excerpt\"><p>LE TEMPS D\u2019UNE TRIPLE-CROCHE \u00a0BOUQUET DE CHARDONS &#8211; ARIANE DUMONT-LEWI \u00a0MANUFACTURE (LA) 2 bis, rue des \u00e9coles\u00a084000 &#8211; Avignon Un spectacle complet, entre chant, violon et violoncelle, avec un texte juste et\u00a0beau, \u00e0 voir absolument ! Un violon, un violoncelle. Deux jeunes femmes, deux voix, deux instruments. Elles sont musiciennes, ont grandi avec, dans et <a class=\"mh-excerpt-more\" href=\"https:\/\/contraluz.fr\/?p=2075\" title=\"Le temps d&rsquo;une triple croche &#8211; Ariane Dumont Lewi &#8211; La Manufacture\">[&#8230;]<\/a><\/p>\n<\/div>","protected":false},"author":1,"featured_media":2077,"comment_status":"closed","ping_status":"open","sticky":false,"template":"","format":"standard","meta":{"footnotes":""},"categories":[2],"tags":[],"class_list":["post-2075","post","type-post","status-publish","format-standard","has-post-thumbnail","hentry","category-soirees"],"_links":{"self":[{"href":"https:\/\/contraluz.fr\/index.php?rest_route=\/wp\/v2\/posts\/2075","targetHints":{"allow":["GET"]}}],"collection":[{"href":"https:\/\/contraluz.fr\/index.php?rest_route=\/wp\/v2\/posts"}],"about":[{"href":"https:\/\/contraluz.fr\/index.php?rest_route=\/wp\/v2\/types\/post"}],"author":[{"embeddable":true,"href":"https:\/\/contraluz.fr\/index.php?rest_route=\/wp\/v2\/users\/1"}],"replies":[{"embeddable":true,"href":"https:\/\/contraluz.fr\/index.php?rest_route=%2Fwp%2Fv2%2Fcomments&post=2075"}],"version-history":[{"count":15,"href":"https:\/\/contraluz.fr\/index.php?rest_route=\/wp\/v2\/posts\/2075\/revisions"}],"predecessor-version":[{"id":2093,"href":"https:\/\/contraluz.fr\/index.php?rest_route=\/wp\/v2\/posts\/2075\/revisions\/2093"}],"wp:featuredmedia":[{"embeddable":true,"href":"https:\/\/contraluz.fr\/index.php?rest_route=\/wp\/v2\/media\/2077"}],"wp:attachment":[{"href":"https:\/\/contraluz.fr\/index.php?rest_route=%2Fwp%2Fv2%2Fmedia&parent=2075"}],"wp:term":[{"taxonomy":"category","embeddable":true,"href":"https:\/\/contraluz.fr\/index.php?rest_route=%2Fwp%2Fv2%2Fcategories&post=2075"},{"taxonomy":"post_tag","embeddable":true,"href":"https:\/\/contraluz.fr\/index.php?rest_route=%2Fwp%2Fv2%2Ftags&post=2075"}],"curies":[{"name":"wp","href":"https:\/\/api.w.org\/{rel}","templated":true}]}}