{"id":2102,"date":"2023-09-05T16:55:50","date_gmt":"2023-09-05T14:55:50","guid":{"rendered":"http:\/\/contraluz.fr\/?p=2102"},"modified":"2023-09-05T17:19:47","modified_gmt":"2023-09-05T15:19:47","slug":"lettre-de-septembre-2023","status":"publish","type":"post","link":"https:\/\/contraluz.fr\/?p=2102","title":{"rendered":"Lettre de septembre 2023"},"content":{"rendered":"<p>Queridos amigos,<br \/>\nNi la canicule, ni la crise sanitaire ou \u00e9conomique, ni m\u00eame la guerre en Ukraine n\u2019ont entam\u00e9 notre enthousiasme et notre motivation.<\/p>\n<p>La nouvelle saison de Contraluz sera encore plus riche que la pr\u00e9c\u00e9dente. Jugez-en plut\u00f4t.<br \/>\nNous d\u00e9buterons nos mani-festations par une soir\u00e9e consacr\u00e9e \u00e0 Pedro Almod\u00f3var et ses deux derni\u00e8res cr\u00e9ations. C\u2019est Jean-Paul Campillo, LE sp\u00e9cialiste fran\u00e7ais du cin\u00e9ma espagnol, qui nous guidera \u00e0 travers le passionnant univers du plus grand<br \/>\ncin\u00e9aste de l\u2019Espagne contemporaine.<br \/>\nC\u2019est presque devenu une tradition: Bernard Bessi\u00e8re, d\u00e9butera notre programme de conf\u00e9rences en compagnie cette fois de Christiane Bessi\u00e8re, que nous retrouverons avec bonheur. Tous deux inaugureront surtout une nouvelle s\u00e9rie que nous<br \/>\navons appel\u00e9e Los Caprichos de Contraluz (vous pouvez proposer le v\u00f4tre).<br \/>\nEl Huerto a surv\u00e9cu \u00e0 l\u2019\u00e9t\u00e9 caniculaire et se pr\u00e9pare \u00e0 une nouvelle saison, plus douce. N\u2019h\u00e9sitez pas \u00e0 nous rejoindre.<br \/>\nUne nouveaut\u00e9! Les cours de Salsa et Bachata anim\u00e9s par un jeune professeur: Thomas Saint Jean. Nous allons nous d\u00e9hancher toute l\u2019ann\u00e9e au sons des musiques hispaniques!<br \/>\nLa section langue espagnole de l\u2019association commencera ses activit\u00e9s le 19 septembre par les Tertulias, suivies par les cours d\u2019Espagnol.<br \/>\nEt pensez \u00e0 vous inscrire au stage intensif de Toussaint.<br \/>\nQuant aux collaborations avec les lieux artistiques avignonnais, elles prennent une nouvelle dimension<br \/>\ngr\u00e2ce nos accords avec l\u2019Op\u00e9ra du Grand Avignon.<br \/>\nA peine sortis de la p\u00e9riode estivale, il est temps de penser aux futurs voyages en Espagne et en Am\u00e9rique latine. D\u00e8s le mois de novembre, nous vous am\u00e8nerons \u00e0 Barcelone pour une balade litt\u00e9raire, et, au printemps, \u00e0 la F\u00eate des Fleurs de G\u00e9rone, des moments exceptionnels. Et d\u00e8s le retour de l\u2019automne 2024, nous vous proposerons des destinations \u00e9prouv\u00e9es (le Chili-Bolivie et le P\u00e9rou Sud) ainsi qu\u2019une cr\u00e9ation de l\u2019association: le Nord P\u00e9rou, \u00e9tonnante destination, encore pr\u00e9serv\u00e9e de l\u2019invasion touristique. Par ailleurs, nous pr\u00e9parons un voyage en Andalousie pour avril prochain; nous vous donnerons bient\u00f4t<br \/>\ndes nouvelles.<\/p>\n<p>Demandez les programmes, il n\u2019est pas trop t\u00f4t pour vous pr\u00e9inscrire. Vous ne trouverez nulle part ailleurs l\u2019\u00e9quivalent de nos<br \/>\nvoyages.<br \/>\nEt, bien s\u00fbr, n\u2019oubliez pas d\u2019adh\u00e9rer!<br \/>\nHasta pronto!<\/p>\n<p><a href=\"http:\/\/contraluz.fr\/wp-content\/uploads\/2023\/09\/A-Lettre-Septembre-2023.pdf\" target=\"_blank\" rel=\"noopener\"><strong>T\u00e9l\u00e9charger la lettre<\/strong><\/a><\/p>\n<p>&nbsp;<\/p>\n","protected":false},"excerpt":{"rendered":"<div class=\"mh-excerpt\"><p>Queridos amigos, Ni la canicule, ni la crise sanitaire ou \u00e9conomique, ni m\u00eame la guerre en Ukraine n\u2019ont entam\u00e9 notre enthousiasme et notre motivation. La nouvelle saison de Contraluz sera encore plus riche que la pr\u00e9c\u00e9dente. Jugez-en plut\u00f4t. Nous d\u00e9buterons nos mani-festations par une soir\u00e9e consacr\u00e9e \u00e0 Pedro Almod\u00f3var et ses deux derni\u00e8res cr\u00e9ations. C\u2019est <a class=\"mh-excerpt-more\" href=\"https:\/\/contraluz.fr\/?p=2102\" title=\"Lettre de septembre 2023\">[&#8230;]<\/a><\/p>\n<\/div>","protected":false},"author":1,"featured_media":12,"comment_status":"closed","ping_status":"open","sticky":false,"template":"","format":"standard","meta":{"footnotes":""},"categories":[7],"tags":[],"class_list":["post-2102","post","type-post","status-publish","format-standard","has-post-thumbnail","hentry","category-actualites"],"_links":{"self":[{"href":"https:\/\/contraluz.fr\/index.php?rest_route=\/wp\/v2\/posts\/2102","targetHints":{"allow":["GET"]}}],"collection":[{"href":"https:\/\/contraluz.fr\/index.php?rest_route=\/wp\/v2\/posts"}],"about":[{"href":"https:\/\/contraluz.fr\/index.php?rest_route=\/wp\/v2\/types\/post"}],"author":[{"embeddable":true,"href":"https:\/\/contraluz.fr\/index.php?rest_route=\/wp\/v2\/users\/1"}],"replies":[{"embeddable":true,"href":"https:\/\/contraluz.fr\/index.php?rest_route=%2Fwp%2Fv2%2Fcomments&post=2102"}],"version-history":[{"count":5,"href":"https:\/\/contraluz.fr\/index.php?rest_route=\/wp\/v2\/posts\/2102\/revisions"}],"predecessor-version":[{"id":2110,"href":"https:\/\/contraluz.fr\/index.php?rest_route=\/wp\/v2\/posts\/2102\/revisions\/2110"}],"wp:featuredmedia":[{"embeddable":true,"href":"https:\/\/contraluz.fr\/index.php?rest_route=\/wp\/v2\/media\/12"}],"wp:attachment":[{"href":"https:\/\/contraluz.fr\/index.php?rest_route=%2Fwp%2Fv2%2Fmedia&parent=2102"}],"wp:term":[{"taxonomy":"category","embeddable":true,"href":"https:\/\/contraluz.fr\/index.php?rest_route=%2Fwp%2Fv2%2Fcategories&post=2102"},{"taxonomy":"post_tag","embeddable":true,"href":"https:\/\/contraluz.fr\/index.php?rest_route=%2Fwp%2Fv2%2Ftags&post=2102"}],"curies":[{"name":"wp","href":"https:\/\/api.w.org\/{rel}","templated":true}]}}