{"id":2123,"date":"2023-12-15T10:07:27","date_gmt":"2023-12-15T09:07:27","guid":{"rendered":"http:\/\/contraluz.fr\/?p=2123"},"modified":"2023-12-19T10:15:27","modified_gmt":"2023-12-19T09:15:27","slug":"el-paladar-de-contraluz-samedi-16-decembre-a-11h-17-place-des-etudes","status":"publish","type":"post","link":"https:\/\/contraluz.fr\/?p=2123","title":{"rendered":"El Paladar de Contraluz &#8211; Samedi 16 d\u00e9cembre \u00e0 11h &#8211; 17, place des Etudes"},"content":{"rendered":"<h3 style=\"text-align: center;\">Le moment de \u00ab partage de recettes \u00bb de l\u2019association.<br \/>\nUn rendez-vous par mois avec un adhe\u0301rent de l\u2019association pour de\u0301couvrir, cuisiner<br \/>\net de\u0301guster les meilleures recettes de la cuisine espagnole\u00a0et hispano-ame\u0301ricaine.<br \/>\nRendez-vous le samedi 16 d\u00e9cembre \u00e0 11h<br \/>\n17, place des Etudes, Avignon pour<br \/>\nEl Paladar de Jos\u00e9<br \/>\nL\u2019ami Jose\u0301 Pozo, Andalou, nous pre\u0301sentera quelques<br \/>\nspe\u0301cialite\u0301s andalouses d\u2019hiver de son village (Alameda, Malaga).<br \/>\nAttention, le nombre de places est ne\u0301cessairement limite\u0301,<br \/>\nre\u0301servez au plus vite: contact@contraluz.fr<br \/>\n(participation de 10 euros par rendez-vous).<\/h3>\n<p>&nbsp;<\/p>\n<p>&nbsp;<\/p>\n","protected":false},"excerpt":{"rendered":"<div class=\"mh-excerpt\"><p>Le moment de \u00ab partage de recettes \u00bb de l\u2019association. Un rendez-vous par mois avec un adhe\u0301rent de l\u2019association pour de\u0301couvrir, cuisiner et de\u0301guster les meilleures recettes de la cuisine espagnole\u00a0et hispano-ame\u0301ricaine. Rendez-vous le samedi 16 d\u00e9cembre \u00e0 11h 17, place des Etudes, Avignon pour El Paladar de Jos\u00e9 L\u2019ami Jose\u0301 Pozo, Andalou, nous pre\u0301sentera <a class=\"mh-excerpt-more\" href=\"https:\/\/contraluz.fr\/?p=2123\" title=\"El Paladar de Contraluz &#8211; Samedi 16 d\u00e9cembre \u00e0 11h &#8211; 17, place des Etudes\">[&#8230;]<\/a><\/p>\n<\/div>","protected":false},"author":1,"featured_media":2124,"comment_status":"closed","ping_status":"open","sticky":false,"template":"","format":"standard","meta":{"footnotes":""},"categories":[7],"tags":[],"class_list":["post-2123","post","type-post","status-publish","format-standard","has-post-thumbnail","hentry","category-actualites"],"_links":{"self":[{"href":"https:\/\/contraluz.fr\/index.php?rest_route=\/wp\/v2\/posts\/2123","targetHints":{"allow":["GET"]}}],"collection":[{"href":"https:\/\/contraluz.fr\/index.php?rest_route=\/wp\/v2\/posts"}],"about":[{"href":"https:\/\/contraluz.fr\/index.php?rest_route=\/wp\/v2\/types\/post"}],"author":[{"embeddable":true,"href":"https:\/\/contraluz.fr\/index.php?rest_route=\/wp\/v2\/users\/1"}],"replies":[{"embeddable":true,"href":"https:\/\/contraluz.fr\/index.php?rest_route=%2Fwp%2Fv2%2Fcomments&post=2123"}],"version-history":[{"count":2,"href":"https:\/\/contraluz.fr\/index.php?rest_route=\/wp\/v2\/posts\/2123\/revisions"}],"predecessor-version":[{"id":2130,"href":"https:\/\/contraluz.fr\/index.php?rest_route=\/wp\/v2\/posts\/2123\/revisions\/2130"}],"wp:featuredmedia":[{"embeddable":true,"href":"https:\/\/contraluz.fr\/index.php?rest_route=\/wp\/v2\/media\/2124"}],"wp:attachment":[{"href":"https:\/\/contraluz.fr\/index.php?rest_route=%2Fwp%2Fv2%2Fmedia&parent=2123"}],"wp:term":[{"taxonomy":"category","embeddable":true,"href":"https:\/\/contraluz.fr\/index.php?rest_route=%2Fwp%2Fv2%2Fcategories&post=2123"},{"taxonomy":"post_tag","embeddable":true,"href":"https:\/\/contraluz.fr\/index.php?rest_route=%2Fwp%2Fv2%2Ftags&post=2123"}],"curies":[{"name":"wp","href":"https:\/\/api.w.org\/{rel}","templated":true}]}}