{"id":2165,"date":"2024-01-09T17:42:52","date_gmt":"2024-01-09T16:42:52","guid":{"rendered":"http:\/\/contraluz.fr\/?p=2165"},"modified":"2024-02-03T12:24:35","modified_gmt":"2024-02-03T11:24:35","slug":"el-paladar-de-janvier-dimanche-21-janvier-a-11h-17-place-des-etudes-avignon","status":"publish","type":"post","link":"https:\/\/contraluz.fr\/?p=2165","title":{"rendered":"El Paladar de Janvier &#8211;  dimanche 21 janvier \u00e0 11h 17, place des Etudes, Avignon"},"content":{"rendered":"<h4 style=\"text-align: center;\">Le moment de \u00ab partage de recettes \u00bb de l\u2019association.<\/h4>\n<h4 style=\"text-align: center;\">Rendez-vous le dimanche 21 janvier \u00e0 11h 17, place des Etudes, Avignon<\/h4>\n<h4 style=\"text-align: center;\">Un rendez-vous par mois avec un adh\u00e9rent de l\u2019association pour d\u00e9couvrir, cuisiner et d\u00e9guster les meilleures recettes de la cuisine espagnole et hispano-am\u00e9ricaine.<br \/>\nEl Paladar des Iles L\u2019amie Joana, native des Bal\u00e9ares, nous pr\u00e9sentera quelques sp\u00e9cialit\u00e9s des iles de son enfance.<\/h4>\n<h4 style=\"text-align: center;\">Attention, le nombre de places est n\u00e9cessairement limit\u00e9, r\u00e9servez au plus vite:<br \/>\ncontact@contraluz.fr (participation de 10 euros par rendez-vous).<\/h4>\n<p>&nbsp;<\/p>\n","protected":false},"excerpt":{"rendered":"<div class=\"mh-excerpt\"><p>Le moment de \u00ab partage de recettes \u00bb de l\u2019association. Rendez-vous le dimanche 21 janvier \u00e0 11h 17, place des Etudes, Avignon Un rendez-vous par mois avec un adh\u00e9rent de l\u2019association pour d\u00e9couvrir, cuisiner et d\u00e9guster les meilleures recettes de la cuisine espagnole et hispano-am\u00e9ricaine. El Paladar des Iles L\u2019amie Joana, native des Bal\u00e9ares, nous <a class=\"mh-excerpt-more\" href=\"https:\/\/contraluz.fr\/?p=2165\" title=\"El Paladar de Janvier &#8211;  dimanche 21 janvier \u00e0 11h 17, place des Etudes, Avignon\">[&#8230;]<\/a><\/p>\n<\/div>","protected":false},"author":1,"featured_media":2169,"comment_status":"closed","ping_status":"open","sticky":false,"template":"","format":"standard","meta":{"footnotes":""},"categories":[7],"tags":[],"class_list":["post-2165","post","type-post","status-publish","format-standard","has-post-thumbnail","hentry","category-actualites"],"_links":{"self":[{"href":"https:\/\/contraluz.fr\/index.php?rest_route=\/wp\/v2\/posts\/2165","targetHints":{"allow":["GET"]}}],"collection":[{"href":"https:\/\/contraluz.fr\/index.php?rest_route=\/wp\/v2\/posts"}],"about":[{"href":"https:\/\/contraluz.fr\/index.php?rest_route=\/wp\/v2\/types\/post"}],"author":[{"embeddable":true,"href":"https:\/\/contraluz.fr\/index.php?rest_route=\/wp\/v2\/users\/1"}],"replies":[{"embeddable":true,"href":"https:\/\/contraluz.fr\/index.php?rest_route=%2Fwp%2Fv2%2Fcomments&post=2165"}],"version-history":[{"count":2,"href":"https:\/\/contraluz.fr\/index.php?rest_route=\/wp\/v2\/posts\/2165\/revisions"}],"predecessor-version":[{"id":2168,"href":"https:\/\/contraluz.fr\/index.php?rest_route=\/wp\/v2\/posts\/2165\/revisions\/2168"}],"wp:featuredmedia":[{"embeddable":true,"href":"https:\/\/contraluz.fr\/index.php?rest_route=\/wp\/v2\/media\/2169"}],"wp:attachment":[{"href":"https:\/\/contraluz.fr\/index.php?rest_route=%2Fwp%2Fv2%2Fmedia&parent=2165"}],"wp:term":[{"taxonomy":"category","embeddable":true,"href":"https:\/\/contraluz.fr\/index.php?rest_route=%2Fwp%2Fv2%2Fcategories&post=2165"},{"taxonomy":"post_tag","embeddable":true,"href":"https:\/\/contraluz.fr\/index.php?rest_route=%2Fwp%2Fv2%2Ftags&post=2165"}],"curies":[{"name":"wp","href":"https:\/\/api.w.org\/{rel}","templated":true}]}}