{"id":2178,"date":"2024-02-03T11:50:01","date_gmt":"2024-02-03T10:50:01","guid":{"rendered":"http:\/\/contraluz.fr\/?p=2178"},"modified":"2024-02-03T11:57:15","modified_gmt":"2024-02-03T10:57:15","slug":"carmen-intime-samedi-3-fevrier-20h-dimanche-4-fevrier-16h-autre-scene-de-vedene","status":"publish","type":"post","link":"https:\/\/contraluz.fr\/?p=2178","title":{"rendered":"Carmen Intime &#8211; samedi 3 f\u00e9vrier 20h &#8211; dimanche 4 f\u00e9vrier 16h -Autre sc\u00e8ne de Ved\u00e8ne"},"content":{"rendered":"<h2 style=\"text-align: center;\"><span style=\"color: #ff0000;\">Les collaborations de Contraluz<\/span><\/h2>\n<p style=\"text-align: left;\"><a href=\"http:\/\/contraluz.fr\/wp-content\/uploads\/2024\/02\/Carmen-intime-1.jpg\"><img loading=\"lazy\" decoding=\"async\" class=\"wp-image-2183 alignnone\" src=\"http:\/\/contraluz.fr\/wp-content\/uploads\/2024\/02\/Carmen-intime-1-300x129.jpg\" alt=\"\" width=\"786\" height=\"338\" data-id=\"2183\" srcset=\"https:\/\/contraluz.fr\/wp-content\/uploads\/2024\/02\/Carmen-intime-1-300x129.jpg 300w, https:\/\/contraluz.fr\/wp-content\/uploads\/2024\/02\/Carmen-intime-1-768x329.jpg 768w, https:\/\/contraluz.fr\/wp-content\/uploads\/2024\/02\/Carmen-intime-1.jpg 772w\" sizes=\"auto, (max-width: 786px) 100vw, 786px\" \/><\/a>L&rsquo;<strong><span style=\"color: #ff0000;\">Op\u00e9ra Grand Avignon<\/span><\/strong> octroie un tarif pr\u00e9f\u00e9rentiel <strong><span style=\"color: #ff0000;\">pour tout spectacle ou concert<\/span><\/strong> aux adh\u00e9rents de l&rsquo;association Contraluz sur la base du tarif B de la grille tarifaire (quand il existe) et sur pr\u00e9sentation de leur carte d&rsquo;adh\u00e9rents.<br \/>\nLa r\u00e9servation de places individuelles devra \u00eatre faite par les adh\u00e9rents directement \u00e0 la billetterie de l&rsquo;Op\u00e9ra avec justificatif d&rsquo;adh\u00e9sion<\/p>\n<p>Carmen fait partie de ces op\u00e9ras tellement connus, que nous avons peut-\u00eatre d\u00e9sappris \u00e0 le conna\u00eetre. Mais c\u2019est que, \u00e0 l\u2019instar de son personnage \u00e9ponyme, il sait habilement cacher son jeu : ponctu\u00e9 de certaines des pages les plus irr\u00e9sistibles de l\u2019histoire de la musique, il n\u2019en reste pas moins, aujourd\u2019hui encore, une oeuvre \u00e0 l\u2019insolence scandaleuse ; et toute trag\u00e9die interpersonnelle qu\u2019il soit, c\u2019est aussi le portrait pittoresque de toute une soci\u00e9t\u00e9 qu\u2019il s\u2019amuse \u00e7\u00e0 et l\u00e0 \u00e0 d\u00e9peindre. Mais il est parfois n\u00e9cessaire d\u2019abattre ses cartes, et l\u2019h\u00e9ro\u00efne finira d\u2019ailleurs elle-m\u00eame par s\u2019y r\u00e9soudre.<\/p>\n<p>Plus d&rsquo;informations sur\u00a0<strong><a href=\"https:\/\/www.operagrandavignon.fr\/carmen-intime\" target=\"_blank\" rel=\"noopener\">https:\/\/www.operagrandavignon.fr\/carmen-intime<\/a><\/strong><\/p>\n<p>&nbsp;<\/p>\n<p>&nbsp;<\/p>\n","protected":false},"excerpt":{"rendered":"<div class=\"mh-excerpt\"><p>Les collaborations de Contraluz L&rsquo;Op\u00e9ra Grand Avignon octroie un tarif pr\u00e9f\u00e9rentiel pour tout spectacle ou concert aux adh\u00e9rents de l&rsquo;association Contraluz sur la base du tarif B de la grille tarifaire (quand il existe) et sur pr\u00e9sentation de leur carte d&rsquo;adh\u00e9rents. La r\u00e9servation de places individuelles devra \u00eatre faite par les adh\u00e9rents directement \u00e0 la <a class=\"mh-excerpt-more\" href=\"https:\/\/contraluz.fr\/?p=2178\" title=\"Carmen Intime &#8211; samedi 3 f\u00e9vrier 20h &#8211; dimanche 4 f\u00e9vrier 16h -Autre sc\u00e8ne de Ved\u00e8ne\">[&#8230;]<\/a><\/p>\n<\/div>","protected":false},"author":1,"featured_media":2182,"comment_status":"closed","ping_status":"open","sticky":false,"template":"","format":"standard","meta":{"footnotes":""},"categories":[2],"tags":[],"class_list":["post-2178","post","type-post","status-publish","format-standard","has-post-thumbnail","hentry","category-soirees"],"_links":{"self":[{"href":"https:\/\/contraluz.fr\/index.php?rest_route=\/wp\/v2\/posts\/2178","targetHints":{"allow":["GET"]}}],"collection":[{"href":"https:\/\/contraluz.fr\/index.php?rest_route=\/wp\/v2\/posts"}],"about":[{"href":"https:\/\/contraluz.fr\/index.php?rest_route=\/wp\/v2\/types\/post"}],"author":[{"embeddable":true,"href":"https:\/\/contraluz.fr\/index.php?rest_route=\/wp\/v2\/users\/1"}],"replies":[{"embeddable":true,"href":"https:\/\/contraluz.fr\/index.php?rest_route=%2Fwp%2Fv2%2Fcomments&post=2178"}],"version-history":[{"count":5,"href":"https:\/\/contraluz.fr\/index.php?rest_route=\/wp\/v2\/posts\/2178\/revisions"}],"predecessor-version":[{"id":2187,"href":"https:\/\/contraluz.fr\/index.php?rest_route=\/wp\/v2\/posts\/2178\/revisions\/2187"}],"wp:featuredmedia":[{"embeddable":true,"href":"https:\/\/contraluz.fr\/index.php?rest_route=\/wp\/v2\/media\/2182"}],"wp:attachment":[{"href":"https:\/\/contraluz.fr\/index.php?rest_route=%2Fwp%2Fv2%2Fmedia&parent=2178"}],"wp:term":[{"taxonomy":"category","embeddable":true,"href":"https:\/\/contraluz.fr\/index.php?rest_route=%2Fwp%2Fv2%2Fcategories&post=2178"},{"taxonomy":"post_tag","embeddable":true,"href":"https:\/\/contraluz.fr\/index.php?rest_route=%2Fwp%2Fv2%2Ftags&post=2178"}],"curies":[{"name":"wp","href":"https:\/\/api.w.org\/{rel}","templated":true}]}}