{"id":2202,"date":"2024-02-03T12:15:13","date_gmt":"2024-02-03T11:15:13","guid":{"rendered":"http:\/\/contraluz.fr\/?p=2202"},"modified":"2024-02-03T12:28:19","modified_gmt":"2024-02-03T11:28:19","slug":"iviva-mexico-el-paladar-de-fevrier-samedi-11-fevrier-a-11h-17-place-des-etudes-avignon","status":"publish","type":"post","link":"https:\/\/contraluz.fr\/?p=2202","title":{"rendered":"\u0130Viva M\u00e9xico! &#8211; El Paladar de f\u00e9vrier &#8211; samedi 11 f\u00e9vrier \u00e0 11h, 17 place des Etudes, Avignon"},"content":{"rendered":"<p>Le moment de \u00ab partage de recettes \u00bb de l\u2019association.<\/p>\n<p>Un rendez-vous par mois avec un\/e adh\u00e9rente de l\u2019association pour d\u00e9couvrir, cuisiner et d\u00e9guster les meilleures recettes de la cuisine espagnole et hispano-am\u00e9ricaine. Rendez-vous le samedi 11 f\u00e9vrier \u00e0 11h 17, place des Etudes, Avignon<\/p>\n<p><span style=\"color: #ff0000;\"><strong>\u0130Viva M\u00e9xico!<\/strong><\/span> Au tour de Carlos, n\u00e9 \u00e0 Zacatecas (au nord de Mexico) de nous pr\u00e9senter quelques d\u00e9licieuses sp\u00e9cialit\u00e9s du Mexique.<\/p>\n<p>Attention, le nombre de places est n\u00e9cessairement limit\u00e9, r\u00e9servez au plus vite: <a href=\"mailto:contact@contraluz.fr\" target=\"_blank\" rel=\"noopener\">contact@contraluz.fr<\/a> (participation de 10 euros par rendez-vous).<\/p>\n<p>&nbsp;<\/p>\n","protected":false},"excerpt":{"rendered":"<div class=\"mh-excerpt\"><p>Le moment de \u00ab partage de recettes \u00bb de l\u2019association. Un rendez-vous par mois avec un\/e adh\u00e9rente de l\u2019association pour d\u00e9couvrir, cuisiner et d\u00e9guster les meilleures recettes de la cuisine espagnole et hispano-am\u00e9ricaine. Rendez-vous le samedi 11 f\u00e9vrier \u00e0 11h 17, place des Etudes, Avignon \u0130Viva M\u00e9xico! Au tour de Carlos, n\u00e9 \u00e0 Zacatecas (au <a class=\"mh-excerpt-more\" href=\"https:\/\/contraluz.fr\/?p=2202\" title=\"\u0130Viva M\u00e9xico! &#8211; El Paladar de f\u00e9vrier &#8211; samedi 11 f\u00e9vrier \u00e0 11h, 17 place des Etudes, Avignon\">[&#8230;]<\/a><\/p>\n<\/div>","protected":false},"author":1,"featured_media":2203,"comment_status":"closed","ping_status":"open","sticky":false,"template":"","format":"standard","meta":{"footnotes":""},"categories":[7],"tags":[],"class_list":["post-2202","post","type-post","status-publish","format-standard","has-post-thumbnail","hentry","category-actualites"],"_links":{"self":[{"href":"https:\/\/contraluz.fr\/index.php?rest_route=\/wp\/v2\/posts\/2202","targetHints":{"allow":["GET"]}}],"collection":[{"href":"https:\/\/contraluz.fr\/index.php?rest_route=\/wp\/v2\/posts"}],"about":[{"href":"https:\/\/contraluz.fr\/index.php?rest_route=\/wp\/v2\/types\/post"}],"author":[{"embeddable":true,"href":"https:\/\/contraluz.fr\/index.php?rest_route=\/wp\/v2\/users\/1"}],"replies":[{"embeddable":true,"href":"https:\/\/contraluz.fr\/index.php?rest_route=%2Fwp%2Fv2%2Fcomments&post=2202"}],"version-history":[{"count":1,"href":"https:\/\/contraluz.fr\/index.php?rest_route=\/wp\/v2\/posts\/2202\/revisions"}],"predecessor-version":[{"id":2204,"href":"https:\/\/contraluz.fr\/index.php?rest_route=\/wp\/v2\/posts\/2202\/revisions\/2204"}],"wp:featuredmedia":[{"embeddable":true,"href":"https:\/\/contraluz.fr\/index.php?rest_route=\/wp\/v2\/media\/2203"}],"wp:attachment":[{"href":"https:\/\/contraluz.fr\/index.php?rest_route=%2Fwp%2Fv2%2Fmedia&parent=2202"}],"wp:term":[{"taxonomy":"category","embeddable":true,"href":"https:\/\/contraluz.fr\/index.php?rest_route=%2Fwp%2Fv2%2Fcategories&post=2202"},{"taxonomy":"post_tag","embeddable":true,"href":"https:\/\/contraluz.fr\/index.php?rest_route=%2Fwp%2Fv2%2Ftags&post=2202"}],"curies":[{"name":"wp","href":"https:\/\/api.w.org\/{rel}","templated":true}]}}