{"id":2244,"date":"2024-03-02T12:35:15","date_gmt":"2024-03-02T11:35:15","guid":{"rendered":"http:\/\/contraluz.fr\/?p=2244"},"modified":"2024-03-02T12:57:17","modified_gmt":"2024-03-02T11:57:17","slug":"debat-rencontre-et-concert-mosalini-teruggi-cuarteto-dimanche-10-mars-2024-theatre-du-balcon-38-rue-guillaume-puy-avignon","status":"publish","type":"post","link":"https:\/\/contraluz.fr\/?p=2244","title":{"rendered":"D\u00e9bat rencontre et Concert Mosalini Teruggi Cuarteto &#8211; Dimanche 10 mars 2024 Th\u00e9\u00e2tre du Balcon, 38 rue Guillaume Puy AVIGNON"},"content":{"rendered":"<h2 style=\"text-align: center;\">D\u00e9bat rencontre et Concert Mosalini Teruggi Cuarteto<br \/>\nDimanche 10 mars 2024<br \/>\nTh\u00e9\u00e2tre du Balcon, 38 rue Guillaume Puy AVIGNON<\/h2>\n<p>Dans le cadre des journ\u00e9es Europ\u00e9ennes du bandon\u00e9on, nous vous donnons RDV le dimanche 10 Mars au <a class=\"x1i10hfl xjbqb8w x1ejq31n xd10rxx x1sy0etr x17r0tee x972fbf xcfux6l x1qhh985 xm0m39n x9f619 x1ypdohk xt0psk2 xe8uvvx xdj266r x11i5rnm xat24cr x1mh8g0r xexx8yu x4uap5 x18d9i69 xkhd6sd x16tdsg8 x1hl2dhg xggy1nq x1a2a7pz xt0b8zv x1fey0fg xo1l8bm\" tabindex=\"0\" role=\"link\" href=\"https:\/\/www.facebook.com\/theatredubalcon.avignon?__cft__[0]=AZXvz-53mc7T5OG0sHX7wVfjADaWzpLxuxvPjriBNJC2bht_lVcaapT0dUswkFtf5-hhdLHqGU9G9JGrknef5F05Jlono2lh96Jp9La9L3Aom3CTE9Zzke56R0-kGoBY0Awgzzx2wfx2XJFBhh-bInFszsZsCF0zIq1bMT70APARKuuPYLwVvNAzWRiu1Prqf1U&amp;__tn__=-]K-R\"><span class=\"xt0psk2\">Th\u00e9\u00e2tre Du Balcon Avignon<\/span><\/a> , avec un tarif sp\u00e9cial pour nos adh\u00e9rents! <strong>12\u20ac au lieu de 25\u20ac<\/strong><\/p>\n<p><a href=\"http:\/\/contraluz.fr\/wp-content\/uploads\/2024\/03\/Concert-cuarteto.jpg\"><img loading=\"lazy\" decoding=\"async\" class=\" wp-image-2250 aligncenter\" src=\"http:\/\/contraluz.fr\/wp-content\/uploads\/2024\/03\/Concert-cuarteto-300x216.jpg\" alt=\"\" width=\"630\" height=\"453\" data-id=\"2250\" srcset=\"https:\/\/contraluz.fr\/wp-content\/uploads\/2024\/03\/Concert-cuarteto-300x216.jpg 300w, https:\/\/contraluz.fr\/wp-content\/uploads\/2024\/03\/Concert-cuarteto-768x553.jpg 768w, https:\/\/contraluz.fr\/wp-content\/uploads\/2024\/03\/Concert-cuarteto-1024x737.jpg 1024w, https:\/\/contraluz.fr\/wp-content\/uploads\/2024\/03\/Concert-cuarteto.jpg 1122w\" sizes=\"auto, (max-width: 630px) 100vw, 630px\" \/><\/a><\/p>\n<p>&nbsp;<\/p>\n","protected":false},"excerpt":{"rendered":"<div class=\"mh-excerpt\"><p>D\u00e9bat rencontre et Concert Mosalini Teruggi Cuarteto Dimanche 10 mars 2024 Th\u00e9\u00e2tre du Balcon, 38 rue Guillaume Puy AVIGNON Dans le cadre des journ\u00e9es Europ\u00e9ennes du bandon\u00e9on, nous vous donnons RDV le dimanche 10 Mars au Th\u00e9\u00e2tre Du Balcon Avignon , avec un tarif sp\u00e9cial pour nos adh\u00e9rents! 12\u20ac au lieu de 25\u20ac &nbsp;<\/p>\n<\/div>","protected":false},"author":1,"featured_media":2245,"comment_status":"closed","ping_status":"open","sticky":false,"template":"","format":"standard","meta":{"footnotes":""},"categories":[5,2],"tags":[],"class_list":["post-2244","post","type-post","status-publish","format-standard","has-post-thumbnail","hentry","category-conferences","category-soirees"],"_links":{"self":[{"href":"https:\/\/contraluz.fr\/index.php?rest_route=\/wp\/v2\/posts\/2244","targetHints":{"allow":["GET"]}}],"collection":[{"href":"https:\/\/contraluz.fr\/index.php?rest_route=\/wp\/v2\/posts"}],"about":[{"href":"https:\/\/contraluz.fr\/index.php?rest_route=\/wp\/v2\/types\/post"}],"author":[{"embeddable":true,"href":"https:\/\/contraluz.fr\/index.php?rest_route=\/wp\/v2\/users\/1"}],"replies":[{"embeddable":true,"href":"https:\/\/contraluz.fr\/index.php?rest_route=%2Fwp%2Fv2%2Fcomments&post=2244"}],"version-history":[{"count":4,"href":"https:\/\/contraluz.fr\/index.php?rest_route=\/wp\/v2\/posts\/2244\/revisions"}],"predecessor-version":[{"id":2253,"href":"https:\/\/contraluz.fr\/index.php?rest_route=\/wp\/v2\/posts\/2244\/revisions\/2253"}],"wp:featuredmedia":[{"embeddable":true,"href":"https:\/\/contraluz.fr\/index.php?rest_route=\/wp\/v2\/media\/2245"}],"wp:attachment":[{"href":"https:\/\/contraluz.fr\/index.php?rest_route=%2Fwp%2Fv2%2Fmedia&parent=2244"}],"wp:term":[{"taxonomy":"category","embeddable":true,"href":"https:\/\/contraluz.fr\/index.php?rest_route=%2Fwp%2Fv2%2Fcategories&post=2244"},{"taxonomy":"post_tag","embeddable":true,"href":"https:\/\/contraluz.fr\/index.php?rest_route=%2Fwp%2Fv2%2Ftags&post=2244"}],"curies":[{"name":"wp","href":"https:\/\/api.w.org\/{rel}","templated":true}]}}