{"id":2254,"date":"2024-03-02T10:06:32","date_gmt":"2024-03-02T09:06:32","guid":{"rendered":"http:\/\/contraluz.fr\/?p=2254"},"modified":"2024-03-02T13:24:44","modified_gmt":"2024-03-02T12:24:44","slug":"suite-juarez-une-folie-de-tango-jeudi-7-mars-2024-a-18h30-hoel-de-ville-place-de-lhorloge-avignon","status":"publish","type":"post","link":"https:\/\/contraluz.fr\/?p=2254","title":{"rendered":"Suite Juarez, une folie de Tango &#8211; Jeudi 7 mars 2024 \u00e0 18h30 H\u00f4tel de ville, place de l&rsquo;horloge, Avignon"},"content":{"rendered":"<h2 style=\"text-align: center;\">Suite Juarez, une folie de Tango<br \/>\nJeudi 7 mars 2024 \u00e0 18h30 H\u00f4tel de ville, place de l&rsquo;horloge, Avignon<\/h2>\n<p style=\"text-align: center;\"><a href=\"http:\/\/contraluz.fr\/wp-content\/uploads\/2024\/03\/Une-folie-de-tango.jpg\"><img loading=\"lazy\" decoding=\"async\" class=\"wp-image-2255 aligncenter\" src=\"http:\/\/contraluz.fr\/wp-content\/uploads\/2024\/03\/Une-folie-de-tango-300x98.jpg\" alt=\"\" width=\"863\" height=\"282\" data-id=\"2255\" srcset=\"https:\/\/contraluz.fr\/wp-content\/uploads\/2024\/03\/Une-folie-de-tango-300x98.jpg 300w, https:\/\/contraluz.fr\/wp-content\/uploads\/2024\/03\/Une-folie-de-tango-768x250.jpg 768w, https:\/\/contraluz.fr\/wp-content\/uploads\/2024\/03\/Une-folie-de-tango-1024x333.jpg 1024w, https:\/\/contraluz.fr\/wp-content\/uploads\/2024\/03\/Une-folie-de-tango.jpg 1106w\" sizes=\"auto, (max-width: 863px) 100vw, 863px\" \/><\/a>En collaboration avec Contraluz, projection du film \u00ab\u00a0Suite Juarez, une folie de Tango\u00a0\u00bb en pr\u00e9sence du r\u00e9alisateur Jean-Luc Thomas et d&rsquo;Olivier Manoury, tous deux connus, l&rsquo;un pour ses \u00e9crits, l&rsquo;autre pour sa brillante pratique du bandon\u00e9on.<br \/>\n<span style=\"color: #ff0000;\"><strong>Entr\u00e9e gratuite<\/strong><\/span><\/p>\n<p>&nbsp;<\/p>\n<p>Dans l&rsquo;univers du tango argentin, Ruben Juarez occupe une place \u00e0 part. Tr\u00e8s peu d&rsquo;artistes ont fait carri\u00e8re dans le double registre de chanteur et de bandon\u00e9oniste, aucun n&rsquo;a su, comme lui, affirmer une telle virtuosit\u00e9 comme interpr\u00e8te et comme cr\u00e9ateur. Avec lui, on p\u00e9n\u00e8tre au plus profond de l&rsquo;\u00e2me du tango, cette \u00ab\u00a0pens\u00e9e triste qui se danse\u00a0\u00bb, ce blues du grand Sud&#8230; M\u00eame pour ses pairs, Juarez demeure un talent unique et une sorte de myst\u00e8re.<\/p>\n<p>C&rsquo;est ce myst\u00e8re qu&rsquo;explore notre documentaire, \u00ab\u00a0Ruben Juarez, une folie de tango\u00a0\u00bb, la personnalit\u00e9 d\u00e9bordante, explosive de l&rsquo;homme, le g\u00e9nie de l&rsquo;artiste qui se b\u00e2tit dans la p\u00e9riode o\u00f9 le tango semblait faire retraite pour lui redonner tout son lustre \u00e0 Buenos Aires. Notre compagnonage avec le tango, vieux de plus de trente ans, d&rsquo;abord affirm\u00e9 dans des livres et des revues, nous a rapproch\u00e9 d\u00e8s 1996 du Negro Juarez et apr\u00e8s sa disparition, en 2010, une \u00e9vidence s&rsquo;est install\u00e9e, celle de faire partager au-del\u00e0 des fronti\u00e8res tout ce que ce musicien avait offert \u00e0 la culture populaire de son pays&#8230; Encore fallait-il remonter aux meilleures sources, puis plaider notre cause de ce c\u00f4t\u00e9 de l&rsquo;Atlantique -vous dites? \u00ab\u00a0Ruben qui?\u00a0\u00bb- et finalement trouver \u00e0 Buenos Aires notre complice, Alejandro Venturini, le co-r\u00e9alisateur et producteur qui allait faire route avec nous, contre vents, mar\u00e9es et surtout pand\u00e9mie.<\/p>\n<p>Aujourd&rsquo;hui, notre documentaire est au montage et doit voir le jour au printemps 2023. En Argentine, les plus grands noms du tango, ses compagnons de route, ont accept\u00e9 de t\u00e9moigner; mais aussi ceux qui l&rsquo;ont c\u00f4toy\u00e9 en France, o\u00f9 il se produisit tant aux mythiques Trottoirs de Buenos Aires au d\u00e9but des ann\u00e9es 80 qu&rsquo;au prestigieux festival de Chaillot dans les ann\u00e9es 2000.<\/p>\n<p>Son tango n&rsquo;avait pas de fronti\u00e8re, notre projet s&rsquo;est construit des deux c\u00f4t\u00e9s de l&rsquo;Atlantique. Pour aller au bout de notre qu\u00eate, il nous faut boucler le budget de notre post-production en partie b\u00e2ti sur fonds propres et pr\u00e9-vente d&rsquo;avants-premi\u00e8res dans les festivals de tango 2023, mais notre collecte peut et doit \u00eatre le coup de pouce d\u00e9cisif \u00e0 l&rsquo;illustration d&rsquo;une passion si argentine, si universelle&#8230; \u00ab\u00a0Viva el tango\u00a0\u00bb, hurlait Juarez \u00e0 la fin de ses concerts<\/p>\n<p>&nbsp;<\/p>\n","protected":false},"excerpt":{"rendered":"<div class=\"mh-excerpt\"><p>Suite Juarez, une folie de Tango Jeudi 7 mars 2024 \u00e0 18h30 H\u00f4tel de ville, place de l&rsquo;horloge, Avignon En collaboration avec Contraluz, projection du film \u00ab\u00a0Suite Juarez, une folie de Tango\u00a0\u00bb en pr\u00e9sence du r\u00e9alisateur Jean-Luc Thomas et d&rsquo;Olivier Manoury, tous deux connus, l&rsquo;un pour ses \u00e9crits, l&rsquo;autre pour sa brillante pratique du bandon\u00e9on. <a class=\"mh-excerpt-more\" href=\"https:\/\/contraluz.fr\/?p=2254\" title=\"Suite Juarez, une folie de Tango &#8211; Jeudi 7 mars 2024 \u00e0 18h30 H\u00f4tel de ville, place de l&rsquo;horloge, Avignon\">[&#8230;]<\/a><\/p>\n<\/div>","protected":false},"author":1,"featured_media":2251,"comment_status":"closed","ping_status":"open","sticky":false,"template":"","format":"standard","meta":{"footnotes":""},"categories":[6],"tags":[],"class_list":["post-2254","post","type-post","status-publish","format-standard","has-post-thumbnail","hentry","category-cinema"],"_links":{"self":[{"href":"https:\/\/contraluz.fr\/index.php?rest_route=\/wp\/v2\/posts\/2254","targetHints":{"allow":["GET"]}}],"collection":[{"href":"https:\/\/contraluz.fr\/index.php?rest_route=\/wp\/v2\/posts"}],"about":[{"href":"https:\/\/contraluz.fr\/index.php?rest_route=\/wp\/v2\/types\/post"}],"author":[{"embeddable":true,"href":"https:\/\/contraluz.fr\/index.php?rest_route=\/wp\/v2\/users\/1"}],"replies":[{"embeddable":true,"href":"https:\/\/contraluz.fr\/index.php?rest_route=%2Fwp%2Fv2%2Fcomments&post=2254"}],"version-history":[{"count":2,"href":"https:\/\/contraluz.fr\/index.php?rest_route=\/wp\/v2\/posts\/2254\/revisions"}],"predecessor-version":[{"id":2266,"href":"https:\/\/contraluz.fr\/index.php?rest_route=\/wp\/v2\/posts\/2254\/revisions\/2266"}],"wp:featuredmedia":[{"embeddable":true,"href":"https:\/\/contraluz.fr\/index.php?rest_route=\/wp\/v2\/media\/2251"}],"wp:attachment":[{"href":"https:\/\/contraluz.fr\/index.php?rest_route=%2Fwp%2Fv2%2Fmedia&parent=2254"}],"wp:term":[{"taxonomy":"category","embeddable":true,"href":"https:\/\/contraluz.fr\/index.php?rest_route=%2Fwp%2Fv2%2Fcategories&post=2254"},{"taxonomy":"post_tag","embeddable":true,"href":"https:\/\/contraluz.fr\/index.php?rest_route=%2Fwp%2Fv2%2Ftags&post=2254"}],"curies":[{"name":"wp","href":"https:\/\/api.w.org\/{rel}","templated":true}]}}