{"id":2257,"date":"2024-03-02T09:14:53","date_gmt":"2024-03-02T08:14:53","guid":{"rendered":"http:\/\/contraluz.fr\/?p=2257"},"modified":"2024-03-02T13:19:52","modified_gmt":"2024-03-02T12:19:52","slug":"20000-especes-dabeilles-film-espagnol-de-estibaliz-urresola-solaguren-cinema-utopia-jeudi-15-fevrier-2024-a-20h00","status":"publish","type":"post","link":"https:\/\/contraluz.fr\/?p=2257","title":{"rendered":"20000 esp\u00e8ces d&rsquo;abeilles Film espagnol de Estibaliz Urresola Solaguren &#8211; Cin\u00e9ma Utopia, jeudi 15 f\u00e9vrier 2024 \u00e0 20h00"},"content":{"rendered":"<h2 style=\"text-align: center;\">20000 esp\u00e8ces d&rsquo;abeilles<br \/>\nFilm espagnol de Estibaliz Urresola Solaguren<br \/>\nCin\u00e9ma Utopia, jeudi 15 f\u00e9vrier 2024 \u00e0 20h00<\/h2>\n<h4 style=\"text-align: center;\">Rencontre avec Magali Dumousseau-Lesquer<br \/>\nMa\u00eetre de conf\u00e9rences \u00e0 l&rsquo;universit\u00e9 d&rsquo;Avignon<br \/>\nSp\u00e9cialiste de la soci\u00e9t\u00e9 espagnole (contreculture, Movida &#8230;)<\/h4>\n<p><a href=\"http:\/\/contraluz.fr\/wp-content\/uploads\/2024\/03\/Annonce-20000-Fevrier-2024-1.jpg\"><img loading=\"lazy\" decoding=\"async\" class=\"wp-image-2259 aligncenter\" src=\"http:\/\/contraluz.fr\/wp-content\/uploads\/2024\/03\/Annonce-20000-Fevrier-2024-1-300x199.jpg\" alt=\"\" width=\"721\" height=\"478\" data-id=\"2259\" srcset=\"https:\/\/contraluz.fr\/wp-content\/uploads\/2024\/03\/Annonce-20000-Fevrier-2024-1-300x199.jpg 300w, https:\/\/contraluz.fr\/wp-content\/uploads\/2024\/03\/Annonce-20000-Fevrier-2024-1-768x510.jpg 768w, https:\/\/contraluz.fr\/wp-content\/uploads\/2024\/03\/Annonce-20000-Fevrier-2024-1-1024x680.jpg 1024w, https:\/\/contraluz.fr\/wp-content\/uploads\/2024\/03\/Annonce-20000-Fevrier-2024-1.jpg 1240w\" sizes=\"auto, (max-width: 721px) 100vw, 721px\" \/><\/a><\/p>\n<p>&nbsp;<\/p>\n","protected":false},"excerpt":{"rendered":"<div class=\"mh-excerpt\"><p>20000 esp\u00e8ces d&rsquo;abeilles Film espagnol de Estibaliz Urresola Solaguren Cin\u00e9ma Utopia, jeudi 15 f\u00e9vrier 2024 \u00e0 20h00 Rencontre avec Magali Dumousseau-Lesquer Ma\u00eetre de conf\u00e9rences \u00e0 l&rsquo;universit\u00e9 d&rsquo;Avignon Sp\u00e9cialiste de la soci\u00e9t\u00e9 espagnole (contreculture, Movida &#8230;) &nbsp;<\/p>\n<\/div>","protected":false},"author":1,"featured_media":2258,"comment_status":"closed","ping_status":"open","sticky":false,"template":"","format":"standard","meta":{"footnotes":""},"categories":[6],"tags":[],"class_list":["post-2257","post","type-post","status-publish","format-standard","has-post-thumbnail","hentry","category-cinema"],"_links":{"self":[{"href":"https:\/\/contraluz.fr\/index.php?rest_route=\/wp\/v2\/posts\/2257","targetHints":{"allow":["GET"]}}],"collection":[{"href":"https:\/\/contraluz.fr\/index.php?rest_route=\/wp\/v2\/posts"}],"about":[{"href":"https:\/\/contraluz.fr\/index.php?rest_route=\/wp\/v2\/types\/post"}],"author":[{"embeddable":true,"href":"https:\/\/contraluz.fr\/index.php?rest_route=\/wp\/v2\/users\/1"}],"replies":[{"embeddable":true,"href":"https:\/\/contraluz.fr\/index.php?rest_route=%2Fwp%2Fv2%2Fcomments&post=2257"}],"version-history":[{"count":2,"href":"https:\/\/contraluz.fr\/index.php?rest_route=\/wp\/v2\/posts\/2257\/revisions"}],"predecessor-version":[{"id":2261,"href":"https:\/\/contraluz.fr\/index.php?rest_route=\/wp\/v2\/posts\/2257\/revisions\/2261"}],"wp:featuredmedia":[{"embeddable":true,"href":"https:\/\/contraluz.fr\/index.php?rest_route=\/wp\/v2\/media\/2258"}],"wp:attachment":[{"href":"https:\/\/contraluz.fr\/index.php?rest_route=%2Fwp%2Fv2%2Fmedia&parent=2257"}],"wp:term":[{"taxonomy":"category","embeddable":true,"href":"https:\/\/contraluz.fr\/index.php?rest_route=%2Fwp%2Fv2%2Fcategories&post=2257"},{"taxonomy":"post_tag","embeddable":true,"href":"https:\/\/contraluz.fr\/index.php?rest_route=%2Fwp%2Fv2%2Ftags&post=2257"}],"curies":[{"name":"wp","href":"https:\/\/api.w.org\/{rel}","templated":true}]}}