{"id":2272,"date":"2024-03-15T14:49:17","date_gmt":"2024-03-15T13:49:17","guid":{"rendered":"http:\/\/contraluz.fr\/?p=2272"},"modified":"2024-03-15T16:06:18","modified_gmt":"2024-03-15T15:06:18","slug":"tertulia-poetique-avec-patricio-sanchez-rojas-et-juan-manuel-vazquez","status":"publish","type":"post","link":"https:\/\/contraluz.fr\/?p=2272","title":{"rendered":"Tertulia po\u00e9tique avec  Patricio Sanchez Rojas et Juan Manuel Vazquez &#8211; vendredi 22 mars \u00e0 19h"},"content":{"rendered":"<p>Une Tertulia po\u00e9tique au Figuier Pourpre avec nos amis de FAL Vaucluse<\/p>\n<table role=\"presentation\" border=\"0\" width=\"100%\" cellspacing=\"0\" cellpadding=\"0\">\n<tbody>\n<tr>\n<th class=\"r2-c\" valign=\"top\" width=\"50%\">\n<table class=\"r3-o\" role=\"presentation\" border=\"0\" width=\"100%\" cellspacing=\"0\" cellpadding=\"0\">\n<tbody>\n<tr>\n<td class=\"r14-i\" valign=\"top\">\n<table role=\"presentation\" border=\"0\" width=\"100%\" cellspacing=\"0\" cellpadding=\"0\">\n<tbody>\n<tr>\n<td class=\"r15-c nl2go-default-textstyle\" align=\"center\">\n<div>\n<h3 class=\"default-heading3\">Vendredi 22 mars<\/h3>\n<\/div>\n<\/td>\n<\/tr>\n<tr>\n<td class=\"r22-c\" align=\"center\"><img decoding=\"async\" src=\"https:\/\/2th1j.img.a.d.sendibm1.com\/im\/sh\/4n1iWmhUfbx9.jpg?u=2BpAyz2gMiWncgVT1KxeEjkZLLp79fvLOb\" width=\"270\" border=\"0\" \/><\/td>\n<\/tr>\n<tr>\n<td class=\"r22-c\" align=\"center\"><img decoding=\"async\" src=\"https:\/\/2th1j.img.a.d.sendibm1.com\/im\/sh\/VDT1cJPAlP6K.jpg?u=2BpAyz2gMiWnciOSXqGcnyCbhfdHWAi5L7\" width=\"270\" border=\"0\" \/><\/td>\n<\/tr>\n<tr>\n<td class=\"r22-c\" align=\"center\"><img decoding=\"async\" src=\"https:\/\/2th1j.img.a.d.sendibm1.com\/im\/sh\/fIB7eNCt8GXf.jpg?u=2BpAyz2gMiWnckHS4LZbNCee3zRRsfUpHd\" width=\"270\" border=\"0\" \/><\/td>\n<\/tr>\n<tr>\n<td class=\"r17-c\" align=\"center\">\n<table role=\"presentation\" border=\"0\" width=\"100%\" cellspacing=\"0\" cellpadding=\"0\">\n<tbody>\n<tr>\n<td height=\"0\">\u00ad<\/td>\n<\/tr>\n<\/tbody>\n<\/table>\n<\/td>\n<\/tr>\n<tr>\n<td class=\"r18-c nl2go-default-textstyle\" align=\"left\">\n<div>\n<p>Dur\u00e9e : 1h<\/p>\n<p>O\u00f9 : Bar associatif<\/p>\n<p>Entr\u00e9e : 7 euros<\/p>\n<\/div>\n<\/td>\n<\/tr>\n<\/tbody>\n<\/table>\n<\/td>\n<\/tr>\n<\/tbody>\n<\/table>\n<\/th>\n<th class=\"r2-c\" valign=\"top\" width=\"50%\">\n<table class=\"r3-o\" role=\"presentation\" border=\"0\" width=\"100%\" cellspacing=\"0\" cellpadding=\"0\">\n<tbody>\n<tr>\n<td class=\"r14-i\" valign=\"top\">\n<table role=\"presentation\" border=\"0\" width=\"100%\" cellspacing=\"0\" cellpadding=\"0\">\n<tbody>\n<tr>\n<td class=\"r15-c nl2go-default-textstyle\" align=\"center\">\n<div>\n<h3 class=\"default-heading3\">19h<\/h3>\n<\/div>\n<\/td>\n<\/tr>\n<tr>\n<td class=\"r15-c nl2go-default-textstyle\" align=\"center\">\n<div>\n<h3 class=\"default-heading3\">Week-end de po\u00e9sie latino-am\u00e9ricaine avec FAL Vaucluse<\/h3>\n<\/div>\n<\/td>\n<\/tr>\n<tr>\n<td class=\"r19-c nl2go-default-textstyle\" align=\"left\">\n<div>\n<p><i><strong>Tertulia po\u00e9tique <\/strong><\/i><strong>avec<\/strong><\/p>\n<p><strong>Patricio Sanchez Rojas et Juan Manuel Vazquez<\/strong><\/p>\n<\/div>\n<\/td>\n<\/tr>\n<tr>\n<td class=\"r18-c nl2go-default-textstyle\" align=\"left\">\n<div>\n<p>En Am\u00e9rique latine les r\u00e9unions litt\u00e9raires accompagn\u00e9es de musique prennent le nom de <strong>tertulia<\/strong>. Cette tradition conviviale permet de faire cohabiter lectures de textes, de po\u00e8mes, musiques populaires et saveurs traditionnelles. Gr\u00e2ce \u00e0 une lecture bilingue des po\u00e8mes de Patricio Sanchez Rojas, entrecrois\u00e9e de chansons interpr\u00e9t\u00e9es par Juan Manuel Vazquez, nous entendons recr\u00e9er une de ces tertulias dont l\u2019exil sera le th\u00e8me.<\/p>\n<p>&nbsp;<\/p>\n<p><i>\u00ab\u00a0Je pense que ce n\u2019est pas bon de fermer les robinets, d\u2019oublier le pass\u00e9. [\u2026] sans m\u00e9moire et sans histoire, sans pass\u00e9, il n\u2019y a pas d\u2019avenir\u00a0\u00bb<\/i><\/p>\n<p>&nbsp;<\/p>\n<p>La po\u00e9sie est pour Patricio Sanchez Rojas, po\u00e8te chilien, la voie (et la voix) vers le partage de son exp\u00e9rience. Elle lui sert non seulement \u00e0 mettre des mots dessus mais c\u2019est aussi \u00ab\u00a0<i>une fa\u00e7on de combler un espace vide, qui est l\u2019absence de son pays natal\u00a0\u00bb.<\/i><\/p>\n<p>&nbsp;<\/p>\n<p>Juan Manuel Vazquez nous entra\u00eene dans une aventure contre l&rsquo;oubli. Au creux d\u2019une poign\u00e9e d\u2019histoires, Juan Manuel chante les r\u00e9sistances et les coutumes de gens de la America morena. De landos en candombes, de chacareras en zambas, nous sillonnons el Rio de la Plata, puis nous nous figurons les Andes, en r\u00e9sonance avec les vers de Jorge Luis Borges, d&rsquo;Atahualpa Yupanqui, ou encore de Violeta Parra.<\/p>\n<p>&nbsp;<\/p>\n<p>La tertulia sera accompagn\u00e9e d&rsquo;une petite d\u00e9gustation.<\/p>\n<\/div>\n<\/td>\n<\/tr>\n<\/tbody>\n<\/table>\n<\/td>\n<\/tr>\n<\/tbody>\n<\/table>\n<\/th>\n<\/tr>\n<\/tbody>\n<\/table>\n<p>&nbsp;<\/p>\n","protected":false},"excerpt":{"rendered":"<div class=\"mh-excerpt\"><p>Une Tertulia po\u00e9tique au Figuier Pourpre avec nos amis de FAL Vaucluse Vendredi 22 mars \u00ad Dur\u00e9e : 1h O\u00f9 : Bar associatif Entr\u00e9e : 7 euros 19h Week-end de po\u00e9sie latino-am\u00e9ricaine avec FAL Vaucluse Tertulia po\u00e9tique avec Patricio Sanchez Rojas et Juan Manuel Vazquez En Am\u00e9rique latine les r\u00e9unions litt\u00e9raires accompagn\u00e9es de musique prennent <a class=\"mh-excerpt-more\" href=\"https:\/\/contraluz.fr\/?p=2272\" title=\"Tertulia po\u00e9tique avec  Patricio Sanchez Rojas et Juan Manuel Vazquez &#8211; vendredi 22 mars \u00e0 19h\">[&#8230;]<\/a><\/p>\n<\/div>","protected":false},"author":1,"featured_media":2273,"comment_status":"closed","ping_status":"open","sticky":false,"template":"","format":"standard","meta":{"footnotes":""},"categories":[2],"tags":[],"class_list":["post-2272","post","type-post","status-publish","format-standard","has-post-thumbnail","hentry","category-soirees"],"_links":{"self":[{"href":"https:\/\/contraluz.fr\/index.php?rest_route=\/wp\/v2\/posts\/2272","targetHints":{"allow":["GET"]}}],"collection":[{"href":"https:\/\/contraluz.fr\/index.php?rest_route=\/wp\/v2\/posts"}],"about":[{"href":"https:\/\/contraluz.fr\/index.php?rest_route=\/wp\/v2\/types\/post"}],"author":[{"embeddable":true,"href":"https:\/\/contraluz.fr\/index.php?rest_route=\/wp\/v2\/users\/1"}],"replies":[{"embeddable":true,"href":"https:\/\/contraluz.fr\/index.php?rest_route=%2Fwp%2Fv2%2Fcomments&post=2272"}],"version-history":[{"count":4,"href":"https:\/\/contraluz.fr\/index.php?rest_route=\/wp\/v2\/posts\/2272\/revisions"}],"predecessor-version":[{"id":2284,"href":"https:\/\/contraluz.fr\/index.php?rest_route=\/wp\/v2\/posts\/2272\/revisions\/2284"}],"wp:featuredmedia":[{"embeddable":true,"href":"https:\/\/contraluz.fr\/index.php?rest_route=\/wp\/v2\/media\/2273"}],"wp:attachment":[{"href":"https:\/\/contraluz.fr\/index.php?rest_route=%2Fwp%2Fv2%2Fmedia&parent=2272"}],"wp:term":[{"taxonomy":"category","embeddable":true,"href":"https:\/\/contraluz.fr\/index.php?rest_route=%2Fwp%2Fv2%2Fcategories&post=2272"},{"taxonomy":"post_tag","embeddable":true,"href":"https:\/\/contraluz.fr\/index.php?rest_route=%2Fwp%2Fv2%2Ftags&post=2272"}],"curies":[{"name":"wp","href":"https:\/\/api.w.org\/{rel}","templated":true}]}}