{"id":2321,"date":"2024-06-27T17:05:05","date_gmt":"2024-06-27T15:05:05","guid":{"rendered":"http:\/\/contraluz.fr\/?p=2321"},"modified":"2024-06-27T17:10:31","modified_gmt":"2024-06-27T15:10:31","slug":"france-amerique-latine-au-festival-davignon-2024","status":"publish","type":"post","link":"https:\/\/contraluz.fr\/?p=2321","title":{"rendered":"France Am\u00e9rique Latine au Festival d&rsquo;Avignon 2024"},"content":{"rendered":"<h3 style=\"text-align: center;\">Nos amis de de France Am\u00e9rique Latine seront pr\u00e9sents au festival d&rsquo;Avignon 2024<\/h3>\n<div><\/div>\n<div><a href=\"http:\/\/contraluz.fr\/wp-content\/uploads\/2024\/06\/Flyer-FAL-2024.jpg\"><img loading=\"lazy\" decoding=\"async\" class=\"size-medium wp-image-2322 alignleft\" src=\"http:\/\/contraluz.fr\/wp-content\/uploads\/2024\/06\/Flyer-FAL-2024-212x300.jpg\" alt=\"\" width=\"212\" height=\"300\" data-id=\"2322\" srcset=\"https:\/\/contraluz.fr\/wp-content\/uploads\/2024\/06\/Flyer-FAL-2024-212x300.jpg 212w, https:\/\/contraluz.fr\/wp-content\/uploads\/2024\/06\/Flyer-FAL-2024-768x1086.jpg 768w, https:\/\/contraluz.fr\/wp-content\/uploads\/2024\/06\/Flyer-FAL-2024-724x1024.jpg 724w\" sizes=\"auto, (max-width: 212px) 100vw, 212px\" \/><\/a>France Am\u00e9rique Latine est tr\u00e8s heureuse de vous pr\u00e9senter ses \u00e9v\u00e9nements au Festival d&rsquo;Avignon.<\/div>\n<div><b>Nous serons pr\u00e9sents cette ann\u00e9e dans le IN et dans le OFF.<\/b><\/div>\n<div>Outre les huit spectacles de la S\u00e9lection FAL, il y aura trois concerts,<\/div>\n<div>un spectacle, une performance, six parades de rue,<\/div>\n<div>\u00a0trois conf\u00e9rences, une exposition, une rencontre<\/div>\n<div>et deux rendez-vous culinaires.<\/div>\n<div><\/div>\n<div><b>Surtout, retenez <span style=\"font-size: large;\">nos deux journ\u00e9es sp\u00e9ciales du 9 et 15 juillet<\/span>,\u00a0<\/b><\/div>\n<div><b>avec nos \u00e9v\u00e9nements au Village du OFF,\u00a0<\/b><\/div>\n<div><b>et \u00e0 la Scierie pour une journ\u00e9e carib\u00e9enne.<br \/>\n<\/b><\/div>\n<div><b>Convivialit\u00e9, musique et engagement <\/b>: telle sera notre devise pour ce festival \u00e0 venir !<\/div>\n<div>Nous esp\u00e9rons vous y voir nombreux.<\/div>\n<div style=\"text-align: center;\">Toutes les infos en cliquant : <b><a href=\"https:\/\/www.franceameriquelatine.org\/fal-festival-avignon-2024\/\" target=\"_blank\" rel=\"noopener\"><span style=\"font-size: large;\">PROGRAMME COMPLET FAL<\/span><\/a><\/b><\/div>\n<div><\/div>\n<div><\/div>\n<div><a href=\"http:\/\/contraluz.fr\/wp-content\/uploads\/2024\/06\/Programme-fal-2024.jpg\"><img loading=\"lazy\" decoding=\"async\" class=\" wp-image-2326 aligncenter\" src=\"http:\/\/contraluz.fr\/wp-content\/uploads\/2024\/06\/Programme-fal-2024-300x284.jpg\" alt=\"\" width=\"638\" height=\"604\" data-id=\"2326\" srcset=\"https:\/\/contraluz.fr\/wp-content\/uploads\/2024\/06\/Programme-fal-2024-300x284.jpg 300w, https:\/\/contraluz.fr\/wp-content\/uploads\/2024\/06\/Programme-fal-2024-768x727.jpg 768w, https:\/\/contraluz.fr\/wp-content\/uploads\/2024\/06\/Programme-fal-2024-1024x970.jpg 1024w\" sizes=\"auto, (max-width: 638px) 100vw, 638px\" \/><\/a><\/div>\n<div><\/div>\n<div><\/div>\n<div><\/div>\n<div><\/div>\n<div><\/div>\n<div><\/div>\n<div><\/div>\n","protected":false},"excerpt":{"rendered":"<div class=\"mh-excerpt\"><p>Nos amis de de France Am\u00e9rique Latine seront pr\u00e9sents au festival d&rsquo;Avignon 2024 France Am\u00e9rique Latine est tr\u00e8s heureuse de vous pr\u00e9senter ses \u00e9v\u00e9nements au Festival d&rsquo;Avignon. Nous serons pr\u00e9sents cette ann\u00e9e dans le IN et dans le OFF. Outre les huit spectacles de la S\u00e9lection FAL, il y aura trois concerts, un spectacle, une <a class=\"mh-excerpt-more\" href=\"https:\/\/contraluz.fr\/?p=2321\" title=\"France Am\u00e9rique Latine au Festival d&rsquo;Avignon 2024\">[&#8230;]<\/a><\/p>\n<\/div>","protected":false},"author":1,"featured_media":2322,"comment_status":"closed","ping_status":"open","sticky":false,"template":"","format":"standard","meta":{"footnotes":""},"categories":[7],"tags":[],"class_list":["post-2321","post","type-post","status-publish","format-standard","has-post-thumbnail","hentry","category-actualites"],"_links":{"self":[{"href":"https:\/\/contraluz.fr\/index.php?rest_route=\/wp\/v2\/posts\/2321","targetHints":{"allow":["GET"]}}],"collection":[{"href":"https:\/\/contraluz.fr\/index.php?rest_route=\/wp\/v2\/posts"}],"about":[{"href":"https:\/\/contraluz.fr\/index.php?rest_route=\/wp\/v2\/types\/post"}],"author":[{"embeddable":true,"href":"https:\/\/contraluz.fr\/index.php?rest_route=\/wp\/v2\/users\/1"}],"replies":[{"embeddable":true,"href":"https:\/\/contraluz.fr\/index.php?rest_route=%2Fwp%2Fv2%2Fcomments&post=2321"}],"version-history":[{"count":8,"href":"https:\/\/contraluz.fr\/index.php?rest_route=\/wp\/v2\/posts\/2321\/revisions"}],"predecessor-version":[{"id":2331,"href":"https:\/\/contraluz.fr\/index.php?rest_route=\/wp\/v2\/posts\/2321\/revisions\/2331"}],"wp:featuredmedia":[{"embeddable":true,"href":"https:\/\/contraluz.fr\/index.php?rest_route=\/wp\/v2\/media\/2322"}],"wp:attachment":[{"href":"https:\/\/contraluz.fr\/index.php?rest_route=%2Fwp%2Fv2%2Fmedia&parent=2321"}],"wp:term":[{"taxonomy":"category","embeddable":true,"href":"https:\/\/contraluz.fr\/index.php?rest_route=%2Fwp%2Fv2%2Fcategories&post=2321"},{"taxonomy":"post_tag","embeddable":true,"href":"https:\/\/contraluz.fr\/index.php?rest_route=%2Fwp%2Fv2%2Ftags&post=2321"}],"curies":[{"name":"wp","href":"https:\/\/api.w.org\/{rel}","templated":true}]}}