{"id":2332,"date":"2024-06-30T17:44:45","date_gmt":"2024-06-30T15:44:45","guid":{"rendered":"http:\/\/contraluz.fr\/?p=2332"},"modified":"2024-06-30T17:45:16","modified_gmt":"2024-06-30T15:45:16","slug":"le-lucernaire-au-festival-2024","status":"publish","type":"post","link":"https:\/\/contraluz.fr\/?p=2332","title":{"rendered":"Le Lucernaire au Festival 2024"},"content":{"rendered":"<p>Nous avons collabor\u00e9 avec le th\u00e9\u00e2tre du Lucernaire, cet hiver, en vous amenant assister \u00e0 la <strong>Foire de Madrid, de Lope de Vega<\/strong>. Le <strong>lucernaire<\/strong> est pr\u00e9sent au Festival avec des spectacles que nous n\u2019h\u00e9sitons pas \u00e0 vous conseiller.<\/p>\n<p>Un tarif sp\u00e9cial sera appliqu\u00e9 pour nos adh\u00e9rents sur pr\u00e9sentation de la carte de l\u2019association\u00a0:<\/p>\n<h2 style=\"text-align: center;\"><strong><em>Le Lucernaire au Festival 2024<\/em><\/strong><\/h2>\n<h2 style=\"text-align: center;\">Tarif de lancement\u00a0: du 29 juin au 2 juillet inclus<\/h2>\n<p>&nbsp;<\/p>\n<p>Apr\u00e8s la <strong><em>Foire de Madrid<\/em><\/strong>\u00a0, mise en sc\u00e8ne de Ronan Rivi\u00e8re, deux nouveaux spectacles \u00e0 d\u00e9couvrir<\/p>\n<ol>\n<li>\n<h3>Le journal d\u2019un fou de Nikola\u00ef Gogol \u2013 Th\u00e9\u00e2tre du balcon\u00a0 \u00e0 11h45 \u00a0: tarif unique: 12\u20ac<br \/>\n<a style=\"font-size: 16px;\" href=\"https:\/\/webmail.mail.ovh.net\/owa\/redir.aspx?REF=abSEw8ZQys8vh8ybDdIgmO5KhTqgu_2uvXjeelfiplUCYqG3CpjcCAFodHRwczovL3d3dy52b3N0aWNrZXRzLmZyL0JpbGxldC9GUi9yZXByZXNlbnRhdGlvbi1USEVBVFJFX0RVX0JBTENPTi0yNjIyMC0wLndiP1JFRklEPXJ1b0NBQUFBQUFEekFB\">https:\/\/www.vostickets.fr\/Billet\/FR\/representation-THEATRE_DU_BALCON-26220-0.wb?REFID=ruoCAAAAAADzAA<\/a><\/h3>\n<\/li>\n<\/ol>\n<ol>\n<li>\n<h3>Le Revizor de Nikola\u00ef Gogol \u2013 Le petit Louvre \u00e0 18h50\u00a0: tarif unique\u00a0: 10\u20ac<br \/>\n<a style=\"font-size: 16px;\" href=\"https:\/\/webmail.mail.ovh.net\/owa\/redir.aspx?REF=o-B5X7n8eBTHNwfMgZTRBgQMKlzOpnLH09-rRdylDK0CYqG3CpjcCAFodHRwczovL2JpbGxldHRlcmllLWxlLXBldGl0LWxvdXZyZS50aWNrYW5kbGl2ZS5jb20vZXZlbmVtZW50L2dvcmtpLXRjaGVrb3YtMTkwMA..\">https:\/\/billetterie-le-petit-louvre.tickandlive.com\/evenement\/gorki-tchekov-1900<\/a><\/h3>\n<\/li>\n<\/ol>\n<p>&nbsp;<\/p>\n<p><strong><em>Et encore\u2026<\/em><\/strong><\/p>\n<ol>\n<li>\n<h4>Un chapeau de paille d\u2019Italie\u00a0d\u2019Eug\u00e8ne Labiche \u2013 Le Petit Louvre \u00e0 12h50\u00a0: tarif unique\u00a0: 12\u20ac<br \/>\n<a href=\"https:\/\/webmail.mail.ovh.net\/owa\/redir.aspx?REF=uq6oHDwV0WKNCUwQ7M2FWhtlXnqic8MAMh4KXa6Xro4CYqG3CpjcCAFodHRwczovL2JpbGxldHRlcmllLWxlLXBldGl0LWxvdXZyZS50aWNrYW5kbGl2ZS5jb20vZXZlbmVtZW50L3VuLWNoYXBlYXUtZGUtcGFpbGxlLWRpdGFsaWU.\">https:\/\/billetterie-le-petit-louvre.tickandlive.com\/evenement\/un-chapeau-de-paille-ditalie<\/a><\/h4>\n<\/li>\n<li>\n<h4>MERTEUIL de Marjorie Frantz , une suite possible des Liaisons dangereuses \u2013 th\u00e9\u00e2tre Buffon\u00a0: tarif unique\u00a0: 11\u20ac<br \/>\nLien billetterie\u00a0: <a href=\"https:\/\/webmail.mail.ovh.net\/owa\/redir.aspx?REF=oVwmQkdJ_OUH1wfIhLUJ2GZd-YmFvN4cBuY3dCxiUXgCYqG3CpjcCAFodHRwczovL3F1YXJ0aWVyLWx1bmEucWlkb29uLmNvbS9ldmVudHMvMjE0MQ..\">https:\/\/quartier-luna.qidoon.com\/events\/2141<\/a><\/h4>\n<\/li>\n<\/ol>\n<p>&nbsp;<\/p>\n","protected":false},"excerpt":{"rendered":"<div class=\"mh-excerpt\"><p>Nous avons collabor\u00e9 avec le th\u00e9\u00e2tre du Lucernaire, cet hiver, en vous amenant assister \u00e0 la Foire de Madrid, de Lope de Vega. Le lucernaire est pr\u00e9sent au Festival avec des spectacles que nous n\u2019h\u00e9sitons pas \u00e0 vous conseiller. Un tarif sp\u00e9cial sera appliqu\u00e9 pour nos adh\u00e9rents sur pr\u00e9sentation de la carte de l\u2019association\u00a0: Le <a class=\"mh-excerpt-more\" href=\"https:\/\/contraluz.fr\/?p=2332\" title=\"Le Lucernaire au Festival 2024\">[&#8230;]<\/a><\/p>\n<\/div>","protected":false},"author":1,"featured_media":2333,"comment_status":"closed","ping_status":"open","sticky":false,"template":"","format":"standard","meta":{"footnotes":""},"categories":[2],"tags":[],"class_list":["post-2332","post","type-post","status-publish","format-standard","has-post-thumbnail","hentry","category-soirees"],"_links":{"self":[{"href":"https:\/\/contraluz.fr\/index.php?rest_route=\/wp\/v2\/posts\/2332","targetHints":{"allow":["GET"]}}],"collection":[{"href":"https:\/\/contraluz.fr\/index.php?rest_route=\/wp\/v2\/posts"}],"about":[{"href":"https:\/\/contraluz.fr\/index.php?rest_route=\/wp\/v2\/types\/post"}],"author":[{"embeddable":true,"href":"https:\/\/contraluz.fr\/index.php?rest_route=\/wp\/v2\/users\/1"}],"replies":[{"embeddable":true,"href":"https:\/\/contraluz.fr\/index.php?rest_route=%2Fwp%2Fv2%2Fcomments&post=2332"}],"version-history":[{"count":2,"href":"https:\/\/contraluz.fr\/index.php?rest_route=\/wp\/v2\/posts\/2332\/revisions"}],"predecessor-version":[{"id":2335,"href":"https:\/\/contraluz.fr\/index.php?rest_route=\/wp\/v2\/posts\/2332\/revisions\/2335"}],"wp:featuredmedia":[{"embeddable":true,"href":"https:\/\/contraluz.fr\/index.php?rest_route=\/wp\/v2\/media\/2333"}],"wp:attachment":[{"href":"https:\/\/contraluz.fr\/index.php?rest_route=%2Fwp%2Fv2%2Fmedia&parent=2332"}],"wp:term":[{"taxonomy":"category","embeddable":true,"href":"https:\/\/contraluz.fr\/index.php?rest_route=%2Fwp%2Fv2%2Fcategories&post=2332"},{"taxonomy":"post_tag","embeddable":true,"href":"https:\/\/contraluz.fr\/index.php?rest_route=%2Fwp%2Fv2%2Ftags&post=2332"}],"curies":[{"name":"wp","href":"https:\/\/api.w.org\/{rel}","templated":true}]}}