{"id":2359,"date":"2024-08-26T12:39:39","date_gmt":"2024-08-26T10:39:39","guid":{"rendered":"http:\/\/contraluz.fr\/?p=2359"},"modified":"2024-08-26T12:44:32","modified_gmt":"2024-08-26T10:44:32","slug":"associatives-davignon-ile-de-la-barthelasse-1er-sept-de-10h-a-18h","status":"publish","type":"post","link":"https:\/\/contraluz.fr\/?p=2359","title":{"rendered":"Associatives d&rsquo;Avignon &#8211; Ile de la Barthelasse &#8211; 1er Sept de 10h \u00e0 18h"},"content":{"rendered":"<p style=\"text-align: center;\">Contraluz sera aux Associatives d&rsquo;Avignon sur l&rsquo;\u00eele de la Barthelasse (2011 chemin des Berges) <span style=\"color: #ff0000;\"><strong>le dimanche 1er septembre de 10h \u00e0 18h<\/strong><\/span>.<br \/>\nIl s&rsquo;agit d&rsquo;un moment agr\u00e9able et important pendant lequel Contraluz peut dialoguer avec les avignonnais.<br \/>\nVenez nombreux soutenir le Bureau et pr\u00e9senter l&rsquo;association<br \/>\n<span style=\"color: #ff0000;\">(pour proposer votre participation : 06 63 49 21 83)<\/span><\/p>\n<p>&nbsp;<\/p>\n<p>&nbsp;<\/p>\n","protected":false},"excerpt":{"rendered":"<div class=\"mh-excerpt\"><p>Contraluz sera aux Associatives d&rsquo;Avignon sur l&rsquo;\u00eele de la Barthelasse (2011 chemin des Berges) le dimanche 1er septembre de 10h \u00e0 18h. Il s&rsquo;agit d&rsquo;un moment agr\u00e9able et important pendant lequel Contraluz peut dialoguer avec les avignonnais. Venez nombreux soutenir le Bureau et pr\u00e9senter l&rsquo;association (pour proposer votre participation : 06 63 49 21 83) <a class=\"mh-excerpt-more\" href=\"https:\/\/contraluz.fr\/?p=2359\" title=\"Associatives d&rsquo;Avignon &#8211; Ile de la Barthelasse &#8211; 1er Sept de 10h \u00e0 18h\">[&#8230;]<\/a><\/p>\n<\/div>","protected":false},"author":1,"featured_media":2363,"comment_status":"closed","ping_status":"open","sticky":false,"template":"","format":"standard","meta":{"footnotes":""},"categories":[7],"tags":[],"class_list":["post-2359","post","type-post","status-publish","format-standard","has-post-thumbnail","hentry","category-actualites"],"_links":{"self":[{"href":"https:\/\/contraluz.fr\/index.php?rest_route=\/wp\/v2\/posts\/2359","targetHints":{"allow":["GET"]}}],"collection":[{"href":"https:\/\/contraluz.fr\/index.php?rest_route=\/wp\/v2\/posts"}],"about":[{"href":"https:\/\/contraluz.fr\/index.php?rest_route=\/wp\/v2\/types\/post"}],"author":[{"embeddable":true,"href":"https:\/\/contraluz.fr\/index.php?rest_route=\/wp\/v2\/users\/1"}],"replies":[{"embeddable":true,"href":"https:\/\/contraluz.fr\/index.php?rest_route=%2Fwp%2Fv2%2Fcomments&post=2359"}],"version-history":[{"count":1,"href":"https:\/\/contraluz.fr\/index.php?rest_route=\/wp\/v2\/posts\/2359\/revisions"}],"predecessor-version":[{"id":2361,"href":"https:\/\/contraluz.fr\/index.php?rest_route=\/wp\/v2\/posts\/2359\/revisions\/2361"}],"wp:featuredmedia":[{"embeddable":true,"href":"https:\/\/contraluz.fr\/index.php?rest_route=\/wp\/v2\/media\/2363"}],"wp:attachment":[{"href":"https:\/\/contraluz.fr\/index.php?rest_route=%2Fwp%2Fv2%2Fmedia&parent=2359"}],"wp:term":[{"taxonomy":"category","embeddable":true,"href":"https:\/\/contraluz.fr\/index.php?rest_route=%2Fwp%2Fv2%2Fcategories&post=2359"},{"taxonomy":"post_tag","embeddable":true,"href":"https:\/\/contraluz.fr\/index.php?rest_route=%2Fwp%2Fv2%2Ftags&post=2359"}],"curies":[{"name":"wp","href":"https:\/\/api.w.org\/{rel}","templated":true}]}}