{"id":2526,"date":"2025-04-14T22:04:08","date_gmt":"2025-04-14T20:04:08","guid":{"rendered":"https:\/\/contraluz.fr\/?p=2526"},"modified":"2025-04-25T14:50:39","modified_gmt":"2025-04-25T12:50:39","slug":"lettre-a-franco-de-alejandro-amenabar-utopia-jeudi-24-avril-2025-a-20h","status":"publish","type":"post","link":"https:\/\/contraluz.fr\/?p=2526","title":{"rendered":"LETTRE \u00c0 FRANCO de Alejandro Amen\u00e1bar, Utopia &#8211; Jeudi 24 avril 2025 \u00e0 20h"},"content":{"rendered":"<h2 style=\"text-align: center;\">LETTRE \u00c0 FRANCO<\/h2>\n<p class=\"soiree\" style=\"text-align: center;\"><strong>S\u00e9ance unique le Jeudi 24 Avril 2025 \u00e0 20h00<\/strong>.<br \/>\nEn collaboration avec\u00a0<strong>l&rsquo;Universit\u00e9 Populaire d&rsquo;Avignon<\/strong>\u00a0et\u00a0<strong>Contraluz<\/strong>,<br \/>\nla projection sera suivie d&rsquo;une discussion avec\u00a0<strong>Jean-Paul Campillo<\/strong>\u00a0enseignant au d\u00e9partement d&rsquo;\u00c9tudes Hispaniques de l&rsquo;Universit\u00e9 d&rsquo;Avignon.<br \/>\nVente des places \u00e0 partir du 14 Avril.<\/p>\n<p style=\"text-align: center;\"><strong><a href=\"https:\/\/upavignon.org\/\" target=\"_blank\" rel=\"noopener\">Site Internet de l&rsquo;Universit\u00e9 Populaire d&rsquo;Avignon UPA<\/a><\/strong><\/p>\n<p class=\"cast\" style=\"text-align: left;\">(Mientras dure la guerra)\u00a0<strong>Alejandro AMENABAR<\/strong>\u00a0&#8211; Espagne 2019 1h47<br \/>\n<strong>VOSTF<\/strong>\u00a0&#8211; avec Karra Elejalde, Eduard Fern\u00e1ndez, Nathalie Poza, Patricia Lopez Arnaiz&#8230;<br \/>\n<strong>Sc\u00e9nario d&rsquo;Alejandro Amenabar et Alejandro Hernandez<\/strong>.<\/p>\n<p>Espagne, \u00e9t\u00e9 1936. Le c\u00e9l\u00e8bre \u00e9crivain Miguel de Unamuno d\u00e9cide de soutenir publiquement la r\u00e9bellion militaire avec la conviction qu&rsquo;elle va r\u00e9tablir l\u2019ordre. Pendant ce temps, fort de ses succ\u00e8s militaires, le g\u00e9n\u00e9ral Francisco Franco prend les r\u00eanes de l\u2019insurrection.<br \/>\nAlors que les incarc\u00e9rations d\u2019opposants se multiplient, Miguel de Unamuno s\u2019aper\u00e7oit que l\u2019ascension de Franco au pouvoir est devenue in\u00e9luctable.<\/p>\n<p>Mais tr\u00e8s rapidement, au fur et \u00e0 mesure que le ton monte, que les coups de feux se rapprochent, que les corps disparaissent, il va lui devenir de plus en plus difficile de maintenir ses positions. Il lui faudra bient\u00f4t red\u00e9finir son camp\u2026<\/p>\n<p>Non seulement Lettre \u00e0 Franco a le m\u00e9rite de rendre palpable la tension de cette p\u00e9riode incertaine et agit\u00e9e de la mont\u00e9e du franquisme, tr\u00e8s habilement et en \u00e9vitant les \u00e9cueils du manich\u00e9isme, mais il donne \u00e0 voir le caudillo avant qu\u2019il ne r\u00e9\u00e9crive et instrumentalise sa propre l\u00e9gende.<\/p>\n<p><a href=\"http:\/\/contraluz.fr\/wp-content\/uploads\/2025\/04\/Salle-lettre-a-Franco.jpg\"><img loading=\"lazy\" decoding=\"async\" class=\"size-medium wp-image-2537 alignleft\" src=\"http:\/\/contraluz.fr\/wp-content\/uploads\/2025\/04\/Salle-lettre-a-Franco-300x135.jpg\" alt=\"\" width=\"300\" height=\"135\" data-id=\"2537\" srcset=\"https:\/\/contraluz.fr\/wp-content\/uploads\/2025\/04\/Salle-lettre-a-Franco-300x135.jpg 300w, https:\/\/contraluz.fr\/wp-content\/uploads\/2025\/04\/Salle-lettre-a-Franco-1024x461.jpg 1024w, https:\/\/contraluz.fr\/wp-content\/uploads\/2025\/04\/Salle-lettre-a-Franco-768x346.jpg 768w, https:\/\/contraluz.fr\/wp-content\/uploads\/2025\/04\/Salle-lettre-a-Franco-1536x691.jpg 1536w, https:\/\/contraluz.fr\/wp-content\/uploads\/2025\/04\/Salle-lettre-a-Franco.jpg 1600w\" sizes=\"auto, (max-width: 300px) 100vw, 300px\" \/><\/a><\/p>\n<p>&nbsp;<\/p>\n<p>Une salle comble ce jeudi soir pour la pr\u00e9sentation du film &#8230;<\/p>\n<p>&nbsp;<\/p>\n<p style=\"text-align: center;\"><a href=\"https:\/\/cinemas-utopia.org\/avignon\/index.php?id=7529&amp;mode=film\" target=\"_blank\" rel=\"noopener\">Plus d&rsquo;informations sur le site UTOPIA<\/a><\/p>\n<p>&nbsp;<\/p>\n<p>&nbsp;<\/p>\n","protected":false},"excerpt":{"rendered":"<div class=\"mh-excerpt\"><p>LETTRE \u00c0 FRANCO S\u00e9ance unique le Jeudi 24 Avril 2025 \u00e0 20h00. En collaboration avec\u00a0l&rsquo;Universit\u00e9 Populaire d&rsquo;Avignon\u00a0et\u00a0Contraluz, la projection sera suivie d&rsquo;une discussion avec\u00a0Jean-Paul Campillo\u00a0enseignant au d\u00e9partement d&rsquo;\u00c9tudes Hispaniques de l&rsquo;Universit\u00e9 d&rsquo;Avignon. Vente des places \u00e0 partir du 14 Avril. Site Internet de l&rsquo;Universit\u00e9 Populaire d&rsquo;Avignon UPA (Mientras dure la guerra)\u00a0Alejandro AMENABAR\u00a0&#8211; Espagne 2019 1h47 <a class=\"mh-excerpt-more\" href=\"https:\/\/contraluz.fr\/?p=2526\" title=\"LETTRE \u00c0 FRANCO de Alejandro Amen\u00e1bar, Utopia &#8211; Jeudi 24 avril 2025 \u00e0 20h\">[&#8230;]<\/a><\/p>\n<\/div>","protected":false},"author":1,"featured_media":1222,"comment_status":"closed","ping_status":"open","sticky":false,"template":"","format":"standard","meta":{"footnotes":""},"categories":[6],"tags":[],"class_list":["post-2526","post","type-post","status-publish","format-standard","has-post-thumbnail","hentry","category-cinema"],"_links":{"self":[{"href":"https:\/\/contraluz.fr\/index.php?rest_route=\/wp\/v2\/posts\/2526","targetHints":{"allow":["GET"]}}],"collection":[{"href":"https:\/\/contraluz.fr\/index.php?rest_route=\/wp\/v2\/posts"}],"about":[{"href":"https:\/\/contraluz.fr\/index.php?rest_route=\/wp\/v2\/types\/post"}],"author":[{"embeddable":true,"href":"https:\/\/contraluz.fr\/index.php?rest_route=\/wp\/v2\/users\/1"}],"replies":[{"embeddable":true,"href":"https:\/\/contraluz.fr\/index.php?rest_route=%2Fwp%2Fv2%2Fcomments&post=2526"}],"version-history":[{"count":3,"href":"https:\/\/contraluz.fr\/index.php?rest_route=\/wp\/v2\/posts\/2526\/revisions"}],"predecessor-version":[{"id":2539,"href":"https:\/\/contraluz.fr\/index.php?rest_route=\/wp\/v2\/posts\/2526\/revisions\/2539"}],"wp:featuredmedia":[{"embeddable":true,"href":"https:\/\/contraluz.fr\/index.php?rest_route=\/wp\/v2\/media\/1222"}],"wp:attachment":[{"href":"https:\/\/contraluz.fr\/index.php?rest_route=%2Fwp%2Fv2%2Fmedia&parent=2526"}],"wp:term":[{"taxonomy":"category","embeddable":true,"href":"https:\/\/contraluz.fr\/index.php?rest_route=%2Fwp%2Fv2%2Fcategories&post=2526"},{"taxonomy":"post_tag","embeddable":true,"href":"https:\/\/contraluz.fr\/index.php?rest_route=%2Fwp%2Fv2%2Ftags&post=2526"}],"curies":[{"name":"wp","href":"https:\/\/api.w.org\/{rel}","templated":true}]}}