{"id":2667,"date":"2026-01-22T20:01:47","date_gmt":"2026-01-22T19:01:47","guid":{"rendered":"https:\/\/contraluz.fr\/?p=2667"},"modified":"2026-01-23T15:58:38","modified_gmt":"2026-01-23T14:58:38","slug":"curso-de-cultura-hispanica","status":"publish","type":"post","link":"https:\/\/contraluz.fr\/?p=2667","title":{"rendered":"Curso de cultura hisp\u00e1nica"},"content":{"rendered":"<h4 style=\"text-align: center;\"><span style=\"color: #ff0000;\">IMPORTANT &#8211; Suite \u00e0 un probl\u00e8me d&rsquo;ordre technique, nous n&rsquo;avons pas pu commencer notre Curso de Cultura Hisp\u00e1nica ce lundi 19 janvier. Le premier cours est donc report\u00e9 au lundi 2 f\u00e9vrier prochain.<\/span><br class=\"html-br\" \/><br class=\"html-br\" \/><span style=\"color: #ff0000;\">Les inscriptions sont toujours ouvertes !<\/span><\/h4>\n<h3 style=\"text-align: center;\"><span style=\"color: #ff0000;\">Les cours auront lieu le lundi<\/span><br \/>\n<span style=\"color: #ff0000;\">(pas le mardi comme pr\u00e9vu initialement)<\/span><\/h3>\n<p style=\"text-align: center;\"><em><strong>Ne manquez pas cette occasion unique de d\u00e9couvrir la culture hispanique tout en pratiquant votre espagnol !<\/strong><\/em><\/p>\n<h3 style=\"text-align: center;\">NOUVEAUT\u00c9 &#8211; D\u00e9couvrez la richesse du monde hispanophone tout en perfectionnant votre espagnol.<\/h3>\n<h3 style=\"text-align: center;\">Un rendez-vous id\u00e9al pour progresser, pr\u00e9parer vos prochaines vacances ou voyager sans m\u00eame quitter la salle de cours ! Inscrivez vous vite !<\/h3>\n<p><a href=\"http:\/\/contraluz.fr\/wp-content\/uploads\/2026\/01\/CURSO-DE-CULTURA-HISPANICA.jpg\"><img loading=\"lazy\" decoding=\"async\" class=\"wp-image-2695 aligncenter\" src=\"http:\/\/contraluz.fr\/wp-content\/uploads\/2026\/01\/CURSO-DE-CULTURA-HISPANICA-212x300.jpg\" alt=\"\" width=\"627\" height=\"887\" data-id=\"2695\" srcset=\"https:\/\/contraluz.fr\/wp-content\/uploads\/2026\/01\/CURSO-DE-CULTURA-HISPANICA-212x300.jpg 212w, https:\/\/contraluz.fr\/wp-content\/uploads\/2026\/01\/CURSO-DE-CULTURA-HISPANICA.jpg 636w\" sizes=\"auto, (max-width: 627px) 100vw, 627px\" \/><\/a><\/p>\n<p>&nbsp;<\/p>\n<p>&nbsp;<\/p>\n","protected":false},"excerpt":{"rendered":"<div class=\"mh-excerpt\"><p>IMPORTANT &#8211; Suite \u00e0 un probl\u00e8me d&rsquo;ordre technique, nous n&rsquo;avons pas pu commencer notre Curso de Cultura Hisp\u00e1nica ce lundi 19 janvier. Le premier cours est donc report\u00e9 au lundi 2 f\u00e9vrier prochain.Les inscriptions sont toujours ouvertes ! Les cours auront lieu le lundi (pas le mardi comme pr\u00e9vu initialement) Ne manquez pas cette occasion <a class=\"mh-excerpt-more\" href=\"https:\/\/contraluz.fr\/?p=2667\" title=\"Curso de cultura hisp\u00e1nica\">[&#8230;]<\/a><\/p>\n<\/div>","protected":false},"author":1,"featured_media":2671,"comment_status":"closed","ping_status":"open","sticky":false,"template":"","format":"standard","meta":{"footnotes":""},"categories":[4],"tags":[],"class_list":["post-2667","post","type-post","status-publish","format-standard","has-post-thumbnail","hentry","category-cours"],"_links":{"self":[{"href":"https:\/\/contraluz.fr\/index.php?rest_route=\/wp\/v2\/posts\/2667","targetHints":{"allow":["GET"]}}],"collection":[{"href":"https:\/\/contraluz.fr\/index.php?rest_route=\/wp\/v2\/posts"}],"about":[{"href":"https:\/\/contraluz.fr\/index.php?rest_route=\/wp\/v2\/types\/post"}],"author":[{"embeddable":true,"href":"https:\/\/contraluz.fr\/index.php?rest_route=\/wp\/v2\/users\/1"}],"replies":[{"embeddable":true,"href":"https:\/\/contraluz.fr\/index.php?rest_route=%2Fwp%2Fv2%2Fcomments&post=2667"}],"version-history":[{"count":8,"href":"https:\/\/contraluz.fr\/index.php?rest_route=\/wp\/v2\/posts\/2667\/revisions"}],"predecessor-version":[{"id":2699,"href":"https:\/\/contraluz.fr\/index.php?rest_route=\/wp\/v2\/posts\/2667\/revisions\/2699"}],"wp:featuredmedia":[{"embeddable":true,"href":"https:\/\/contraluz.fr\/index.php?rest_route=\/wp\/v2\/media\/2671"}],"wp:attachment":[{"href":"https:\/\/contraluz.fr\/index.php?rest_route=%2Fwp%2Fv2%2Fmedia&parent=2667"}],"wp:term":[{"taxonomy":"category","embeddable":true,"href":"https:\/\/contraluz.fr\/index.php?rest_route=%2Fwp%2Fv2%2Fcategories&post=2667"},{"taxonomy":"post_tag","embeddable":true,"href":"https:\/\/contraluz.fr\/index.php?rest_route=%2Fwp%2Fv2%2Ftags&post=2667"}],"curies":[{"name":"wp","href":"https:\/\/api.w.org\/{rel}","templated":true}]}}