{"id":2774,"date":"2026-03-13T15:06:07","date_gmt":"2026-03-13T14:06:07","guid":{"rendered":"https:\/\/contraluz.fr\/?p=2774"},"modified":"2026-03-13T15:15:27","modified_gmt":"2026-03-13T14:15:27","slug":"le-theatre-espagnol-contemporain-aux-prises-avec-lhistoire-maison-jean-vilar-23-mars-a-18h30","status":"publish","type":"post","link":"https:\/\/contraluz.fr\/?p=2774","title":{"rendered":"Le th\u00e9\u00e2tre espagnol contemporain aux prises avec l&rsquo;Histoire &#8211; Maison Jean Vilar &#8211; 25 mars \u00e0 18h30"},"content":{"rendered":"<p style=\"text-align: center;\"><span class=\"x193iq5w xeuugli x13faqbe x1vvkbs x1xmvt09 x1lliihq x1s928wv xhkezso x1gmr53x x1cpjm7i x1fgarty x1943h6x xudqn12 x3x7a5m x6prxxf xvq8zen xo1l8bm xzsf02u x1yc453h\" dir=\"auto\">\u00a0<strong>Conf\u00e9rence perform\u00e9e<\/strong> \u00e0 la <span class=\"html-span xdj266r x14z9mp xat24cr x1lziwak xexx8yu xyri2b x18d9i69 x1c1uobl x1hl2dhg x16tdsg8 x1vvkbs\"><a class=\"x1i10hfl xjbqb8w x1ejq31n x18oe1m7 x1sy0etr xstzfhl x972fbf x10w94by x1qhh985 x14e42zd x9f619 x1ypdohk xt0psk2 x3ct3a4 xdj266r x14z9mp xat24cr x1lziwak xexx8yu xyri2b x18d9i69 x1c1uobl x16tdsg8 x1hl2dhg xggy1nq x1a2a7pz xkrqix3 x1sur9pj x1fey0fg x1s688f\" tabindex=\"0\" role=\"link\" href=\"https:\/\/www.facebook.com\/maisonjeanvilar?__cft__[0]=AZYcQW20fgpCpVyJrU0eTRDitS69wNZDyl2Ppo6rf2azAFXUHuTVL7vI6JFeABKeE6wNiqbQOGoZXec3OBnEapAMg2829nlEgEBenjLJCw48lZhZCoS0owYkbZ2rXVFEntSWAJGCw1cEbn3WWMK0LFpBYOXrCGniGmJGIuZCYo1aUBNH2dCFCLQk3ge1ludPDzmlf-01ougK_01otZYSSLHY&amp;__tn__=-]K-R\" target=\"_blank\" rel=\"noopener\"><span class=\"xt0psk2\"><span class=\"xjp7ctv\">Maison Jean Vilar<\/span><\/span><\/a><\/span> par Antonia Amo Sanchez<br \/>\n\u00ab\u00a0Le th\u00e9\u00e2tre espagnol contemporain aux prises avec l&rsquo;Histoire:<br \/>\nla sc\u00e8ne comme lieu de m\u00e9moire\u00a0\u00bb. <\/span><\/p>\n<p style=\"text-align: center;\"><strong><span class=\"x193iq5w xeuugli x13faqbe x1vvkbs x1xmvt09 x1lliihq x1s928wv xhkezso x1gmr53x x1cpjm7i x1fgarty x1943h6x xudqn12 x3x7a5m x6prxxf xvq8zen xo1l8bm xzsf02u x1yc453h\" dir=\"auto\">Mercredi 25.03 &#8211; 18h30<\/span><\/strong><\/p>\n<p style=\"text-align: center;\"><span class=\"x193iq5w xeuugli x13faqbe x1vvkbs x1xmvt09 x1lliihq x1s928wv xhkezso x1gmr53x x1cpjm7i x1fgarty x1943h6x xudqn12 x3x7a5m x6prxxf xvq8zen xo1l8bm xzsf02u x1yc453h\" dir=\"auto\">Entr\u00e9e gratuite, r\u00e9servation conseill\u00e9e<\/span><\/p>\n<p><a href=\"http:\/\/contraluz.fr\/wp-content\/uploads\/2026\/03\/Conference-Jean-Vilar.jpg\"><img loading=\"lazy\" decoding=\"async\" class=\"aligncenter wp-image-2776\" src=\"http:\/\/contraluz.fr\/wp-content\/uploads\/2026\/03\/Conference-Jean-Vilar-300x201.jpg\" alt=\"\" width=\"634\" height=\"425\" data-id=\"2776\" srcset=\"https:\/\/contraluz.fr\/wp-content\/uploads\/2026\/03\/Conference-Jean-Vilar-300x201.jpg 300w, https:\/\/contraluz.fr\/wp-content\/uploads\/2026\/03\/Conference-Jean-Vilar-768x514.jpg 768w, https:\/\/contraluz.fr\/wp-content\/uploads\/2026\/03\/Conference-Jean-Vilar.jpg 924w\" sizes=\"auto, (max-width: 634px) 100vw, 634px\" \/><\/a><\/p>\n<p>&nbsp;<\/p>\n<p>&nbsp;<\/p>\n","protected":false},"excerpt":{"rendered":"<div class=\"mh-excerpt\"><p>\u00a0Conf\u00e9rence perform\u00e9e \u00e0 la Maison Jean Vilar par Antonia Amo Sanchez \u00ab\u00a0Le th\u00e9\u00e2tre espagnol contemporain aux prises avec l&rsquo;Histoire: la sc\u00e8ne comme lieu de m\u00e9moire\u00a0\u00bb. Mercredi 25.03 &#8211; 18h30 Entr\u00e9e gratuite, r\u00e9servation conseill\u00e9e &nbsp; &nbsp;<\/p>\n<\/div>","protected":false},"author":1,"featured_media":2778,"comment_status":"closed","ping_status":"open","sticky":false,"template":"","format":"standard","meta":{"footnotes":""},"categories":[7],"tags":[],"class_list":["post-2774","post","type-post","status-publish","format-standard","has-post-thumbnail","hentry","category-actualites"],"_links":{"self":[{"href":"https:\/\/contraluz.fr\/index.php?rest_route=\/wp\/v2\/posts\/2774","targetHints":{"allow":["GET"]}}],"collection":[{"href":"https:\/\/contraluz.fr\/index.php?rest_route=\/wp\/v2\/posts"}],"about":[{"href":"https:\/\/contraluz.fr\/index.php?rest_route=\/wp\/v2\/types\/post"}],"author":[{"embeddable":true,"href":"https:\/\/contraluz.fr\/index.php?rest_route=\/wp\/v2\/users\/1"}],"replies":[{"embeddable":true,"href":"https:\/\/contraluz.fr\/index.php?rest_route=%2Fwp%2Fv2%2Fcomments&post=2774"}],"version-history":[{"count":3,"href":"https:\/\/contraluz.fr\/index.php?rest_route=\/wp\/v2\/posts\/2774\/revisions"}],"predecessor-version":[{"id":2780,"href":"https:\/\/contraluz.fr\/index.php?rest_route=\/wp\/v2\/posts\/2774\/revisions\/2780"}],"wp:featuredmedia":[{"embeddable":true,"href":"https:\/\/contraluz.fr\/index.php?rest_route=\/wp\/v2\/media\/2778"}],"wp:attachment":[{"href":"https:\/\/contraluz.fr\/index.php?rest_route=%2Fwp%2Fv2%2Fmedia&parent=2774"}],"wp:term":[{"taxonomy":"category","embeddable":true,"href":"https:\/\/contraluz.fr\/index.php?rest_route=%2Fwp%2Fv2%2Fcategories&post=2774"},{"taxonomy":"post_tag","embeddable":true,"href":"https:\/\/contraluz.fr\/index.php?rest_route=%2Fwp%2Fv2%2Ftags&post=2774"}],"curies":[{"name":"wp","href":"https:\/\/api.w.org\/{rel}","templated":true}]}}