{"id":308,"date":"2018-02-28T16:56:27","date_gmt":"2018-02-28T15:56:27","guid":{"rendered":"http:\/\/contraluz.fr\/?p=308"},"modified":"2018-02-28T16:56:27","modified_gmt":"2018-02-28T15:56:27","slug":"bulletin-dinformations-mars-2018","status":"publish","type":"post","link":"https:\/\/contraluz.fr\/?p=308","title":{"rendered":"Bulletin d&rsquo;informations Mars 2018"},"content":{"rendered":"<p>Chers amis,\u00a0 \u00a0<strong><em> \u00a1Qu\u00e9 fr\u00edo!<\/em><\/strong><\/p>\n<p>Au moment o\u00f9 nous vivons les journ\u00e9es les plus froides de l\u2019ann\u00e9e, nous vous invitons \u00e0 vous r\u00e9chauffer aux chaleurs hispaniques.<\/p>\n<p>Le mois de f\u00e9vrier fut doux en compagnie des po\u00e8tes chiliens contemporains, qui ont rempli la salle de la Maison de la Po\u00e9sie tandis que, pendant la projection du quatri\u00e8me Bu\u00f1uel, Jean-Paul Campillo a \u00e9puis\u00e9 une assistance ravie.<\/p>\n<p><strong>Ce mois de mars,\u00a0en attendant le printemps:<\/strong><br \/>\nDroits des handicap\u00e9s, droits des femmes, droits des minorit\u00e9s indig\u00e8nes, cadre de vie, d\u00e9cid\u00e9ment, Contraluz est de tous les combats contemporains; loin de la culture paillettes, si courante.<br \/>\nEt nous aimons bien terrasser les id\u00e9es re\u00e7ues aussi : vous verrez que le Tango n\u2019est pas cette danse machiste que l\u2019on vilipende d\u2019habitude.<\/p>\n<p>Quand un voyage remplace l\u2019autre : le voyage au Chili-Bolivie \u00e0 peine boucl\u00e9 et voil\u00e0 d\u00e9j\u00e0 le P\u00e9rou (un grand classique) qui se profile; n\u2019h\u00e9sitez pas trop longtemps avant de vous inscrire car cette destination est tr\u00e8s pris\u00e9e.<\/p>\n<p>Et nous dirons au revoir \u00e0 Bunuel (mais pas \u00e0 Jean-Paul Campillo) lors de la derni\u00e8re projection de notre cycle.<\/p>\n<p><strong><em>\u00a1Hasta pronto!<\/em><\/strong><\/p>\n<p>&nbsp;<\/p>\n<p style=\"text-align: center;\"><a href=\"http:\/\/www.contraluz.fr\/documents\/G-Lettre-Mars-2018.pdf\" target=\"_blank\" rel=\"noopener\"><span style=\"color: #ff0000;\"><strong>T\u00c9L\u00c9CHARGER LA LETTRE AU FORMAT PDF<\/strong><\/span><\/a><\/p>\n<p>&nbsp;<\/p>\n","protected":false},"excerpt":{"rendered":"<div class=\"mh-excerpt\"><p>Chers amis,\u00a0 \u00a0 \u00a1Qu\u00e9 fr\u00edo! Au moment o\u00f9 nous vivons les journ\u00e9es les plus froides de l\u2019ann\u00e9e, nous vous invitons \u00e0 vous r\u00e9chauffer aux chaleurs hispaniques. Le mois de f\u00e9vrier fut doux en compagnie des po\u00e8tes chiliens contemporains, qui ont rempli la salle de la Maison de la Po\u00e9sie tandis que, pendant la projection du <a class=\"mh-excerpt-more\" href=\"https:\/\/contraluz.fr\/?p=308\" title=\"Bulletin d&rsquo;informations Mars 2018\">[&#8230;]<\/a><\/p>\n<\/div>","protected":false},"author":1,"featured_media":11,"comment_status":"closed","ping_status":"open","sticky":false,"template":"","format":"standard","meta":{"footnotes":""},"categories":[7],"tags":[],"class_list":["post-308","post","type-post","status-publish","format-standard","has-post-thumbnail","hentry","category-actualites"],"_links":{"self":[{"href":"https:\/\/contraluz.fr\/index.php?rest_route=\/wp\/v2\/posts\/308","targetHints":{"allow":["GET"]}}],"collection":[{"href":"https:\/\/contraluz.fr\/index.php?rest_route=\/wp\/v2\/posts"}],"about":[{"href":"https:\/\/contraluz.fr\/index.php?rest_route=\/wp\/v2\/types\/post"}],"author":[{"embeddable":true,"href":"https:\/\/contraluz.fr\/index.php?rest_route=\/wp\/v2\/users\/1"}],"replies":[{"embeddable":true,"href":"https:\/\/contraluz.fr\/index.php?rest_route=%2Fwp%2Fv2%2Fcomments&post=308"}],"version-history":[{"count":1,"href":"https:\/\/contraluz.fr\/index.php?rest_route=\/wp\/v2\/posts\/308\/revisions"}],"predecessor-version":[{"id":310,"href":"https:\/\/contraluz.fr\/index.php?rest_route=\/wp\/v2\/posts\/308\/revisions\/310"}],"wp:featuredmedia":[{"embeddable":true,"href":"https:\/\/contraluz.fr\/index.php?rest_route=\/wp\/v2\/media\/11"}],"wp:attachment":[{"href":"https:\/\/contraluz.fr\/index.php?rest_route=%2Fwp%2Fv2%2Fmedia&parent=308"}],"wp:term":[{"taxonomy":"category","embeddable":true,"href":"https:\/\/contraluz.fr\/index.php?rest_route=%2Fwp%2Fv2%2Fcategories&post=308"},{"taxonomy":"post_tag","embeddable":true,"href":"https:\/\/contraluz.fr\/index.php?rest_route=%2Fwp%2Fv2%2Ftags&post=308"}],"curies":[{"name":"wp","href":"https:\/\/api.w.org\/{rel}","templated":true}]}}