{"id":312,"date":"2018-02-28T17:58:58","date_gmt":"2018-02-28T16:58:58","guid":{"rendered":"http:\/\/contraluz.fr\/?p=312"},"modified":"2018-03-04T16:03:03","modified_gmt":"2018-03-04T15:03:03","slug":"violeta-le-4-mars-au-theatre-des-vents","status":"publish","type":"post","link":"https:\/\/contraluz.fr\/?p=312","title":{"rendered":"Violeta le 4 mars -17h- au Th\u00e9\u00e2tre des Vents (entr\u00e9e libre)"},"content":{"rendered":"<p>Dans le cadre du Printemps des Po\u00e8tes , <strong>Monique Jullien<\/strong> et le musicien-chanteur <strong>Luis Pousa<\/strong> ont souhait\u00e9 rendre hommage \u00e0 la po\u00e9sie chilienne et plus particuli\u00e8rement \u00e0 la grande po\u00e9tesse,<strong> Violeta Parra<\/strong> qui \u00e9crivit de nombreuses chansons interpr\u00e9t\u00e9es, notamment, par Mercedes Sosa, Maria Bethania, Caetano Veloso, Joan Bez, etc&#8230;<\/p>\n<p>Dur\u00e9e environ 1h.<a href=\"http:\/\/contraluz.fr\/wp-content\/uploads\/2018\/02\/Violeta-Parra.jpg\"><img loading=\"lazy\" decoding=\"async\" class=\"wp-image-380 alignright\" src=\"http:\/\/contraluz.fr\/wp-content\/uploads\/2018\/02\/Violeta-Parra-277x300.jpg\" alt=\"\" width=\"336\" height=\"364\" data-id=\"380\" srcset=\"https:\/\/contraluz.fr\/wp-content\/uploads\/2018\/02\/Violeta-Parra-277x300.jpg 277w, https:\/\/contraluz.fr\/wp-content\/uploads\/2018\/02\/Violeta-Parra-768x831.jpg 768w, https:\/\/contraluz.fr\/wp-content\/uploads\/2018\/02\/Violeta-Parra.jpg 887w\" sizes=\"auto, (max-width: 336px) 100vw, 336px\" \/><\/a><br \/>\nTextes: <strong>Monique Jullien<\/strong><br \/>\nGuitare-chant: <strong>Luis Pousa<\/strong><\/p>\n<p>Entr\u00e9e libre. R\u00e9servations au <strong>06.20.17.24.12<\/strong><\/p>\n<h4><a href=\"https:\/\/www.facebook.com\/theatre.desvents\/\" target=\"_blank\" rel=\"noopener\">Th\u00e9\u00e2tre des vents<\/a><br \/>\n 63 Rue Guillaume Puy, 84000 Avignon<\/h4>\n<p>&nbsp;<\/p>\n<p>&nbsp;<\/p>\n<p>&nbsp;<\/p>\n<p>&nbsp;<\/p>\n<p>&nbsp;<\/p>\n","protected":false},"excerpt":{"rendered":"<div class=\"mh-excerpt\"><p>Dans le cadre du Printemps des Po\u00e8tes , Monique Jullien et le musicien-chanteur Luis Pousa ont souhait\u00e9 rendre hommage \u00e0 la po\u00e9sie chilienne et plus particuli\u00e8rement \u00e0 la grande po\u00e9tesse, Violeta Parra qui \u00e9crivit de nombreuses chansons interpr\u00e9t\u00e9es, notamment, par Mercedes Sosa, Maria Bethania, Caetano Veloso, Joan Bez, etc&#8230; Dur\u00e9e environ 1h. Textes: Monique Jullien <a class=\"mh-excerpt-more\" href=\"https:\/\/contraluz.fr\/?p=312\" title=\"Violeta le 4 mars -17h- au Th\u00e9\u00e2tre des Vents (entr\u00e9e libre)\">[&#8230;]<\/a><\/p>\n<\/div>","protected":false},"author":1,"featured_media":313,"comment_status":"closed","ping_status":"open","sticky":false,"template":"","format":"standard","meta":{"footnotes":""},"categories":[2],"tags":[],"class_list":["post-312","post","type-post","status-publish","format-standard","has-post-thumbnail","hentry","category-soirees"],"_links":{"self":[{"href":"https:\/\/contraluz.fr\/index.php?rest_route=\/wp\/v2\/posts\/312","targetHints":{"allow":["GET"]}}],"collection":[{"href":"https:\/\/contraluz.fr\/index.php?rest_route=\/wp\/v2\/posts"}],"about":[{"href":"https:\/\/contraluz.fr\/index.php?rest_route=\/wp\/v2\/types\/post"}],"author":[{"embeddable":true,"href":"https:\/\/contraluz.fr\/index.php?rest_route=\/wp\/v2\/users\/1"}],"replies":[{"embeddable":true,"href":"https:\/\/contraluz.fr\/index.php?rest_route=%2Fwp%2Fv2%2Fcomments&post=312"}],"version-history":[{"count":13,"href":"https:\/\/contraluz.fr\/index.php?rest_route=\/wp\/v2\/posts\/312\/revisions"}],"predecessor-version":[{"id":385,"href":"https:\/\/contraluz.fr\/index.php?rest_route=\/wp\/v2\/posts\/312\/revisions\/385"}],"wp:featuredmedia":[{"embeddable":true,"href":"https:\/\/contraluz.fr\/index.php?rest_route=\/wp\/v2\/media\/313"}],"wp:attachment":[{"href":"https:\/\/contraluz.fr\/index.php?rest_route=%2Fwp%2Fv2%2Fmedia&parent=312"}],"wp:term":[{"taxonomy":"category","embeddable":true,"href":"https:\/\/contraluz.fr\/index.php?rest_route=%2Fwp%2Fv2%2Fcategories&post=312"},{"taxonomy":"post_tag","embeddable":true,"href":"https:\/\/contraluz.fr\/index.php?rest_route=%2Fwp%2Fv2%2Ftags&post=312"}],"curies":[{"name":"wp","href":"https:\/\/api.w.org\/{rel}","templated":true}]}}