{"id":338,"date":"2018-02-28T18:52:18","date_gmt":"2018-02-28T17:52:18","guid":{"rendered":"http:\/\/contraluz.fr\/?p=338"},"modified":"2018-03-03T14:53:46","modified_gmt":"2018-03-03T13:53:46","slug":"voyage-au-perou-2018-17-septembre09-octobre-2018","status":"publish","type":"post","link":"https:\/\/contraluz.fr\/?p=338","title":{"rendered":"VOYAGE AU PEROU Septembre 2018"},"content":{"rendered":"<h4 style=\"text-align: center;\"><em>Apr\u00e8s le succ\u00e8s de nos trois premiers voyages (2015, 2016 et 2017),<\/em><br \/>\n<em> nous offrons l\u2019occasion \u00e0 de nouveaux adh\u00e9rents de visiter le pays des Incas.<\/em><br \/>\n<em> Pour les personnes int\u00e9ress\u00e9es, inscrivez-vous rapidement<\/em><br \/>\n<em> car le voyage est tr\u00e8s demand\u00e9.<\/em><\/h4>\n<h2 style=\"text-align: center;\">Annonce compl\u00e8te du voyage , <a href=\"http:\/\/www.contraluz.fr\/documents\/Annonce-Perou-2018.pdf\" target=\"_blank\" rel=\"noopener\">cliquez ici<\/a><\/h2>\n<h3 style=\"text-align: center;\">VOYAGE AU PEROU 2018<br \/>\n18 Septembre\u202609 Octobre 2018<br \/>\nLIMA \u2013 NAZCA &#8211; AREQUIPA \u2013 TITICACA \u2013 MACHU PICCHU &#8211; CUZCO<\/h3>\n<ul>\n<li>Vol par <strong>Paris<\/strong> ou <strong>Amsterdam<\/strong>. Groupe d\u2019une quinzaine de personnes +1 Guide (quechua, fran\u00e7ais, espagnol).<\/li>\n<li>Transport en bus priv\u00e9, Vol int\u00e9rieur <strong>CUZCO LIMA<\/strong>.<\/li>\n<li>Plusieurs nuits chez l\u2019habitant, Petits h\u00f4tels bien situ\u00e9s, en chambre double.<\/li>\n<li>Quelques marches de 2 ou 3 heures.<\/li>\n<li>Un bon nombre de d\u00eeners libres, Survol des lignes de <strong>NAZCA<\/strong> en option.<\/li>\n<li>Pr\u00e9voir en plus, le pour-boire des guides locaux et des chauffeurs (environ 60 \u20ac).<\/li>\n<li>Suppl\u00e9ment chambre individuelle: environ 350\u20ac.<\/li>\n<\/ul>\n<p>Organisateur sur place: <strong>Edgar Tumpe<\/strong> P\u00e9rou Voyages Passion : <a href=\"http:\/\/www.perouvoyagespassion.com\" target=\"_blank\" rel=\"noopener\">www.perouvoyagespassion.com.<\/a><\/p>\n<p>Les prix et le programme peuvent (tr\u00e8s l\u00e9g\u00e8rement) varier en fonction de la fluctuation des monnaies et des imp\u00e9ratifs du vol.<br \/>\nPRIX <strong>2880\u20ac<\/strong> (+Adh\u00e9sion \u00e0 l\u2019association : 25\/12 euros)<\/p>\n<p>Renseignements et inscriptions sur <a href=\"mailto:contact@contraluz.fr\" rel=\"noopener\"><strong>contact@contraluz.fr<\/strong><\/a> ou <strong>au 06 87 23 11 41<\/strong><\/p>\n<p>Confirmation par envoi d\u2019un ch\u00e8que de <strong>100 euros<\/strong> \u00e0 <strong>Contraluz<\/strong> : <strong>5, rue Adrien Marcel, BP 31003 84095 Avignon Cedex 9<\/strong><\/p>\n<p>La r\u00e9alisation du voyage d\u00e9pendra d\u2019un nombre minimum d\u2019inscrits.<\/p>\n<h2 style=\"text-align: center;\">Pour t\u00e9l\u00e9charger le programme d\u00e9taill\u00e9, <a href=\"http:\/\/www.contraluz.fr\/documents\/Contraluz-PROGR-Peru-2018.pdf\" target=\"_blank\" rel=\"noopener\">cliquez ici<\/a><\/h2>\n<p>&nbsp;<\/p>\n<p>&nbsp;<\/p>\n","protected":false},"excerpt":{"rendered":"<div class=\"mh-excerpt\"><p>Apr\u00e8s le succ\u00e8s de nos trois premiers voyages (2015, 2016 et 2017), nous offrons l\u2019occasion \u00e0 de nouveaux adh\u00e9rents de visiter le pays des Incas. Pour les personnes int\u00e9ress\u00e9es, inscrivez-vous rapidement car le voyage est tr\u00e8s demand\u00e9. Annonce compl\u00e8te du voyage , cliquez ici VOYAGE AU PEROU 2018 18 Septembre\u202609 Octobre 2018 LIMA \u2013 NAZCA <a class=\"mh-excerpt-more\" href=\"https:\/\/contraluz.fr\/?p=338\" title=\"VOYAGE AU PEROU Septembre 2018\">[&#8230;]<\/a><\/p>\n<\/div>","protected":false},"author":1,"featured_media":374,"comment_status":"closed","ping_status":"open","sticky":false,"template":"","format":"standard","meta":{"footnotes":""},"categories":[10],"tags":[],"class_list":["post-338","post","type-post","status-publish","format-standard","has-post-thumbnail","hentry","category-voyages-amerique"],"_links":{"self":[{"href":"https:\/\/contraluz.fr\/index.php?rest_route=\/wp\/v2\/posts\/338","targetHints":{"allow":["GET"]}}],"collection":[{"href":"https:\/\/contraluz.fr\/index.php?rest_route=\/wp\/v2\/posts"}],"about":[{"href":"https:\/\/contraluz.fr\/index.php?rest_route=\/wp\/v2\/types\/post"}],"author":[{"embeddable":true,"href":"https:\/\/contraluz.fr\/index.php?rest_route=\/wp\/v2\/users\/1"}],"replies":[{"embeddable":true,"href":"https:\/\/contraluz.fr\/index.php?rest_route=%2Fwp%2Fv2%2Fcomments&post=338"}],"version-history":[{"count":14,"href":"https:\/\/contraluz.fr\/index.php?rest_route=\/wp\/v2\/posts\/338\/revisions"}],"predecessor-version":[{"id":379,"href":"https:\/\/contraluz.fr\/index.php?rest_route=\/wp\/v2\/posts\/338\/revisions\/379"}],"wp:featuredmedia":[{"embeddable":true,"href":"https:\/\/contraluz.fr\/index.php?rest_route=\/wp\/v2\/media\/374"}],"wp:attachment":[{"href":"https:\/\/contraluz.fr\/index.php?rest_route=%2Fwp%2Fv2%2Fmedia&parent=338"}],"wp:term":[{"taxonomy":"category","embeddable":true,"href":"https:\/\/contraluz.fr\/index.php?rest_route=%2Fwp%2Fv2%2Fcategories&post=338"},{"taxonomy":"post_tag","embeddable":true,"href":"https:\/\/contraluz.fr\/index.php?rest_route=%2Fwp%2Fv2%2Ftags&post=338"}],"curies":[{"name":"wp","href":"https:\/\/api.w.org\/{rel}","templated":true}]}}