{"id":391,"date":"2018-04-06T10:06:26","date_gmt":"2018-04-06T08:06:26","guid":{"rendered":"http:\/\/contraluz.fr\/?p=391"},"modified":"2018-04-09T16:49:13","modified_gmt":"2018-04-09T14:49:13","slug":"conference-la-corrida","status":"publish","type":"post","link":"https:\/\/contraluz.fr\/?p=391","title":{"rendered":"Conf\u00e9rence \u00ab\u00a0La Corrida\u00a0\u00bb"},"content":{"rendered":"<p><a href=\"http:\/\/contraluz.fr\/wp-content\/uploads\/2018\/04\/Corrida.jpg\"><img loading=\"lazy\" decoding=\"async\" class=\"wp-image-392 size-full aligncenter\" src=\"http:\/\/contraluz.fr\/wp-content\/uploads\/2018\/04\/Corrida.jpg\" alt=\"\" width=\"526\" height=\"276\" data-id=\"392\" srcset=\"https:\/\/contraluz.fr\/wp-content\/uploads\/2018\/04\/Corrida.jpg 526w, https:\/\/contraluz.fr\/wp-content\/uploads\/2018\/04\/Corrida-300x157.jpg 300w\" sizes=\"auto, (max-width: 526px) 100vw, 526px\" \/><\/a><\/p>\n<p>Lundi 9 avril \u00e0 18:30 &#8211; 20:00<\/p>\n<p>H\u00f4tel de Ville, place de l\u2019Horloge, Avignon<\/p>\n<h1><span style=\"color: #ff0000;\">La Corrida<\/span><\/h1>\n<p><strong>pr\u00e9sent\u00e9e par Bernard Bessi\u00e8re <\/strong><\/p>\n<p><strong>Professeur des Universit\u00e9s \u00e0 Aix en Provence, sp\u00e9cialiste de l\u2019Espagne Contemporaine <\/strong><\/p>\n<p>Consid\u00e9r\u00e9e par certains comme un art, par d\u2019autres comme une forme de torture \u00e9rig\u00e9e en spec-tacle, la Corrida ne cesse de faire d\u00e9bat dans l\u2019Espagne actuelle.<\/p>\n<p>L\u2019 \u00e9minent sp\u00e9cialiste Bernard Bessi\u00e8re viendra nous \u00e9clairer sur l\u2019histoire et les fondements de cette tradition en Espagne, ainsi que sur les diverses positions et arguments pr\u00e9sents autour de la Corrida dans l\u2019actualit\u00e9 espagnole.<\/p>\n<p><span class=\"_4n-j _3cht fsl\" data-testid=\"event-permalink-details\">Entr\u00e9e Gratuite, sans r\u00e9servation.<\/span><\/p>\n<p>&nbsp;<\/p>\n","protected":false},"excerpt":{"rendered":"<div class=\"mh-excerpt\"><p>Lundi 9 avril \u00e0 18:30 &#8211; 20:00 H\u00f4tel de Ville, place de l\u2019Horloge, Avignon La Corrida pr\u00e9sent\u00e9e par Bernard Bessi\u00e8re Professeur des Universit\u00e9s \u00e0 Aix en Provence, sp\u00e9cialiste de l\u2019Espagne Contemporaine Consid\u00e9r\u00e9e par certains comme un art, par d\u2019autres comme une forme de torture \u00e9rig\u00e9e en spec-tacle, la Corrida ne cesse de faire d\u00e9bat dans <a class=\"mh-excerpt-more\" href=\"https:\/\/contraluz.fr\/?p=391\" title=\"Conf\u00e9rence \u00ab\u00a0La Corrida\u00a0\u00bb\">[&#8230;]<\/a><\/p>\n<\/div>","protected":false},"author":1,"featured_media":406,"comment_status":"closed","ping_status":"open","sticky":false,"template":"","format":"standard","meta":{"footnotes":""},"categories":[5],"tags":[],"class_list":["post-391","post","type-post","status-publish","format-standard","has-post-thumbnail","hentry","category-conferences"],"_links":{"self":[{"href":"https:\/\/contraluz.fr\/index.php?rest_route=\/wp\/v2\/posts\/391","targetHints":{"allow":["GET"]}}],"collection":[{"href":"https:\/\/contraluz.fr\/index.php?rest_route=\/wp\/v2\/posts"}],"about":[{"href":"https:\/\/contraluz.fr\/index.php?rest_route=\/wp\/v2\/types\/post"}],"author":[{"embeddable":true,"href":"https:\/\/contraluz.fr\/index.php?rest_route=\/wp\/v2\/users\/1"}],"replies":[{"embeddable":true,"href":"https:\/\/contraluz.fr\/index.php?rest_route=%2Fwp%2Fv2%2Fcomments&post=391"}],"version-history":[{"count":4,"href":"https:\/\/contraluz.fr\/index.php?rest_route=\/wp\/v2\/posts\/391\/revisions"}],"predecessor-version":[{"id":408,"href":"https:\/\/contraluz.fr\/index.php?rest_route=\/wp\/v2\/posts\/391\/revisions\/408"}],"wp:featuredmedia":[{"embeddable":true,"href":"https:\/\/contraluz.fr\/index.php?rest_route=\/wp\/v2\/media\/406"}],"wp:attachment":[{"href":"https:\/\/contraluz.fr\/index.php?rest_route=%2Fwp%2Fv2%2Fmedia&parent=391"}],"wp:term":[{"taxonomy":"category","embeddable":true,"href":"https:\/\/contraluz.fr\/index.php?rest_route=%2Fwp%2Fv2%2Fcategories&post=391"},{"taxonomy":"post_tag","embeddable":true,"href":"https:\/\/contraluz.fr\/index.php?rest_route=%2Fwp%2Fv2%2Ftags&post=391"}],"curies":[{"name":"wp","href":"https:\/\/api.w.org\/{rel}","templated":true}]}}