{"id":395,"date":"2018-04-05T13:26:17","date_gmt":"2018-04-05T11:26:17","guid":{"rendered":"http:\/\/contraluz.fr\/?p=395"},"modified":"2018-04-09T17:38:13","modified_gmt":"2018-04-09T15:38:13","slug":"395","status":"publish","type":"post","link":"https:\/\/contraluz.fr\/?p=395","title":{"rendered":"STAGE INTENSIF d&rsquo;ESPAGNOL"},"content":{"rendered":"<p class=\"Default\"><b><span style=\"font-size: 18.0pt; color: windowtext;\">Stage d\u2019Espagnol &#8211;\u00a0<\/span><\/b><b><span style=\"font-size: 18.0pt; color: windowtext;\">Vacances d\u2019Avril 18<\/span><\/b><\/p>\n<p class=\"Default\"><b><span style=\"font-size: 11.5pt; color: windowtext;\">Remise \u00e0 niveau ou perfectionnement <\/span><\/b><\/p>\n<p class=\"Default\"><b><span style=\"font-size: 11.5pt; color: windowtext;\">Professeure: <\/span><\/b><\/p>\n<p class=\"Default\"><b><span style=\"font-size: 11.5pt; color: windowtext;\">Graciella Velilla <\/span><\/b><\/p>\n<p class=\"Default\"><b><span style=\"font-size: 10.0pt; color: windowtext;\">Dipl\u00f4m\u00e9e en Etudes Hispa-nophones et en Gestion <\/span><\/b><\/p>\n<p class=\"Default\"><span style=\"font-size: 10.0pt; color: windowtext;\">Sp\u00e9cialit\u00e9 \u00ab m\u00e9tiers de l\u2019enseignement \u00bb <\/span><\/p>\n<p class=\"Default\"><span style=\"font-size: 10.0pt; color: windowtext;\">(Lyon II, Alliance Fran\u00e7aise et universit\u00e9 de Bilbao) <\/span><\/p>\n<p class=\"Default\"><b><span style=\"font-size: 11.5pt; color: windowtext;\">INSCRIPTIONS AU PLUS VITE!\u00a0\u00a0<span id=\"fbPhotoSnowliftCaption\" class=\"fbPhotosPhotoCaption\" tabindex=\"0\" aria-live=\"polite\" data-ft=\"{&quot;tn&quot;:&quot;K&quot;}\"><span class=\"hasCaption\"> sur contact@contraluz.fr<\/span><\/span><\/span><\/b><\/p>\n","protected":false},"excerpt":{"rendered":"<div class=\"mh-excerpt\"><p>Stage d\u2019Espagnol &#8211;\u00a0Vacances d\u2019Avril 18 Remise \u00e0 niveau ou perfectionnement Professeure: Graciella Velilla Dipl\u00f4m\u00e9e en Etudes Hispa-nophones et en Gestion Sp\u00e9cialit\u00e9 \u00ab m\u00e9tiers de l\u2019enseignement \u00bb (Lyon II, Alliance Fran\u00e7aise et universit\u00e9 de Bilbao) INSCRIPTIONS AU PLUS VITE!\u00a0\u00a0 sur contact@contraluz.fr<\/p>\n<\/div>","protected":false},"author":1,"featured_media":396,"comment_status":"closed","ping_status":"open","sticky":false,"template":"","format":"standard","meta":{"footnotes":""},"categories":[4],"tags":[],"class_list":["post-395","post","type-post","status-publish","format-standard","has-post-thumbnail","hentry","category-cours"],"_links":{"self":[{"href":"https:\/\/contraluz.fr\/index.php?rest_route=\/wp\/v2\/posts\/395","targetHints":{"allow":["GET"]}}],"collection":[{"href":"https:\/\/contraluz.fr\/index.php?rest_route=\/wp\/v2\/posts"}],"about":[{"href":"https:\/\/contraluz.fr\/index.php?rest_route=\/wp\/v2\/types\/post"}],"author":[{"embeddable":true,"href":"https:\/\/contraluz.fr\/index.php?rest_route=\/wp\/v2\/users\/1"}],"replies":[{"embeddable":true,"href":"https:\/\/contraluz.fr\/index.php?rest_route=%2Fwp%2Fv2%2Fcomments&post=395"}],"version-history":[{"count":4,"href":"https:\/\/contraluz.fr\/index.php?rest_route=\/wp\/v2\/posts\/395\/revisions"}],"predecessor-version":[{"id":421,"href":"https:\/\/contraluz.fr\/index.php?rest_route=\/wp\/v2\/posts\/395\/revisions\/421"}],"wp:featuredmedia":[{"embeddable":true,"href":"https:\/\/contraluz.fr\/index.php?rest_route=\/wp\/v2\/media\/396"}],"wp:attachment":[{"href":"https:\/\/contraluz.fr\/index.php?rest_route=%2Fwp%2Fv2%2Fmedia&parent=395"}],"wp:term":[{"taxonomy":"category","embeddable":true,"href":"https:\/\/contraluz.fr\/index.php?rest_route=%2Fwp%2Fv2%2Fcategories&post=395"},{"taxonomy":"post_tag","embeddable":true,"href":"https:\/\/contraluz.fr\/index.php?rest_route=%2Fwp%2Fv2%2Ftags&post=395"}],"curies":[{"name":"wp","href":"https:\/\/api.w.org\/{rel}","templated":true}]}}