{"id":436,"date":"2018-05-09T15:28:18","date_gmt":"2018-05-09T13:28:18","guid":{"rendered":"http:\/\/contraluz.fr\/?p=436"},"modified":"2018-05-09T15:38:36","modified_gmt":"2018-05-09T13:38:36","slug":"flamenco-puro-et-rumba-flamenca-le-26-mai-a-20h30","status":"publish","type":"post","link":"https:\/\/contraluz.fr\/?p=436","title":{"rendered":"Flamenco Puro et Rumba Flamenca le 26 mai \u00e0 20h30"},"content":{"rendered":"<h4>A Mazan, en partenariat avec\u00a0<a class=\"profileLink\" href=\"https:\/\/www.facebook.com\/Contraluz-387541347939534\/?fref=mentions\" target=\"_blank\" rel=\"noopener\" data-hovercard=\"\/ajax\/hovercard\/page.php?id=387541347939534&amp;extragetparams=%7B%22fref%22%3A%22mentions%22%7D\" data-hovercard-prefer-more-content-show=\"1\">Contraluz<\/a>, un spectacle de Flamenco <strong>Puro et Rumba Flamenca<\/strong> avec Tchoune\u00a0<a class=\"profileLink\" href=\"https:\/\/www.facebook.com\/Tchanelas-701909763183417\/?fref=mentions\" target=\"_blank\" rel=\"noopener\" data-hovercard=\"\/ajax\/hovercard\/page.php?id=701909763183417&amp;extragetparams=%7B%22fref%22%3A%22mentions%22%7D\" data-hovercard-prefer-more-content-show=\"1\">Tchanelas<\/a>\u00a0dans le magnifique cadre de\u00a0<a class=\"profileLink\" href=\"https:\/\/www.facebook.com\/La-Boiserie-Mazan-482321828540485\/?fref=mentions\" target=\"_blank\" rel=\"noopener\" data-hovercard=\"\/ajax\/hovercard\/page.php?id=482321828540485&amp;extragetparams=%7B%22fref%22%3A%22mentions%22%7D\" data-hovercard-prefer-more-content-show=\"1\">La Boiserie Mazan<\/a>.<\/h4>\n<p><strong>Plus d&rsquo;informations sur l\u2019\u00e9v\u00e9nement<\/strong> :\u00a0<a href=\"https:\/\/www.facebook.com\/events\/318434065321516\/\" target=\"_blank\" rel=\"noopener\"><strong>Flamenco y rumba flamenca<\/strong><\/a><\/p>\n<p><strong>Venez nombreux.<\/strong><\/p>\n<p><strong>R\u00e9servations adh\u00e9rents Contraluz\u00a0<\/strong>: sur <a href=\"mailto:contact@contraluz.fr\" target=\"_blank\" rel=\"noopener\">contact@contraluz.fr<\/a> exclusivement<br \/>\n(tarif r\u00e9duit sp\u00e9cial adh\u00e9rents propos\u00e9 par l&rsquo;association Contraluz).<\/p>\n<p><strong>Non adh\u00e9rents:<\/strong> <a href=\"https:\/\/www.billetnet.fr\/\" target=\"_blank\" rel=\"noopener\">billetnet.fr<\/a> \/ mairie de Mazan \/ guichet du spectacle.<\/p>\n<div id='gallery-1' class='gallery galleryid-436 gallery-columns-2 gallery-size-full'><figure class='gallery-item'>\n\t\t\t<div class='gallery-icon landscape'>\n\t\t\t\t<a href='https:\/\/contraluz.fr\/wp-content\/uploads\/2018\/05\/Flamenco-y-rumba.jpg'><img loading=\"lazy\" decoding=\"async\" width=\"960\" height=\"639\" src=\"https:\/\/contraluz.fr\/wp-content\/uploads\/2018\/05\/Flamenco-y-rumba.jpg\" class=\"attachment-full size-full\" alt=\"\" srcset=\"https:\/\/contraluz.fr\/wp-content\/uploads\/2018\/05\/Flamenco-y-rumba.jpg 960w, https:\/\/contraluz.fr\/wp-content\/uploads\/2018\/05\/Flamenco-y-rumba-300x200.jpg 300w, https:\/\/contraluz.fr\/wp-content\/uploads\/2018\/05\/Flamenco-y-rumba-768x511.jpg 768w\" sizes=\"auto, (max-width: 960px) 100vw, 960px\" \/><\/a>\n\t\t\t<\/div><\/figure><figure class='gallery-item'>\n\t\t\t<div class='gallery-icon landscape'>\n\t\t\t\t<a href='https:\/\/contraluz.fr\/wp-content\/uploads\/2018\/05\/Tchanelas.jpg'><img loading=\"lazy\" decoding=\"async\" width=\"960\" height=\"640\" src=\"https:\/\/contraluz.fr\/wp-content\/uploads\/2018\/05\/Tchanelas.jpg\" class=\"attachment-full size-full\" alt=\"\" srcset=\"https:\/\/contraluz.fr\/wp-content\/uploads\/2018\/05\/Tchanelas.jpg 960w, https:\/\/contraluz.fr\/wp-content\/uploads\/2018\/05\/Tchanelas-300x200.jpg 300w, https:\/\/contraluz.fr\/wp-content\/uploads\/2018\/05\/Tchanelas-768x512.jpg 768w\" sizes=\"auto, (max-width: 960px) 100vw, 960px\" \/><\/a>\n\t\t\t<\/div><\/figure>\n\t\t<\/div>\n\n<p>&nbsp;<\/p>\n","protected":false},"excerpt":{"rendered":"<div class=\"mh-excerpt\"><p>A Mazan, en partenariat avec\u00a0Contraluz, un spectacle de Flamenco Puro et Rumba Flamenca avec Tchoune\u00a0Tchanelas\u00a0dans le magnifique cadre de\u00a0La Boiserie Mazan. Plus d&rsquo;informations sur l\u2019\u00e9v\u00e9nement :\u00a0Flamenco y rumba flamenca Venez nombreux. R\u00e9servations adh\u00e9rents Contraluz\u00a0: sur contact@contraluz.fr exclusivement (tarif r\u00e9duit sp\u00e9cial adh\u00e9rents propos\u00e9 par l&rsquo;association Contraluz). Non adh\u00e9rents: billetnet.fr \/ mairie de Mazan \/ guichet du <a class=\"mh-excerpt-more\" href=\"https:\/\/contraluz.fr\/?p=436\" title=\"Flamenco Puro et Rumba Flamenca le 26 mai \u00e0 20h30\">[&#8230;]<\/a><\/p>\n<\/div>","protected":false},"author":1,"featured_media":437,"comment_status":"closed","ping_status":"open","sticky":false,"template":"","format":"standard","meta":{"footnotes":""},"categories":[2],"tags":[],"class_list":["post-436","post","type-post","status-publish","format-standard","has-post-thumbnail","hentry","category-soirees"],"_links":{"self":[{"href":"https:\/\/contraluz.fr\/index.php?rest_route=\/wp\/v2\/posts\/436","targetHints":{"allow":["GET"]}}],"collection":[{"href":"https:\/\/contraluz.fr\/index.php?rest_route=\/wp\/v2\/posts"}],"about":[{"href":"https:\/\/contraluz.fr\/index.php?rest_route=\/wp\/v2\/types\/post"}],"author":[{"embeddable":true,"href":"https:\/\/contraluz.fr\/index.php?rest_route=\/wp\/v2\/users\/1"}],"replies":[{"embeddable":true,"href":"https:\/\/contraluz.fr\/index.php?rest_route=%2Fwp%2Fv2%2Fcomments&post=436"}],"version-history":[{"count":9,"href":"https:\/\/contraluz.fr\/index.php?rest_route=\/wp\/v2\/posts\/436\/revisions"}],"predecessor-version":[{"id":448,"href":"https:\/\/contraluz.fr\/index.php?rest_route=\/wp\/v2\/posts\/436\/revisions\/448"}],"wp:featuredmedia":[{"embeddable":true,"href":"https:\/\/contraluz.fr\/index.php?rest_route=\/wp\/v2\/media\/437"}],"wp:attachment":[{"href":"https:\/\/contraluz.fr\/index.php?rest_route=%2Fwp%2Fv2%2Fmedia&parent=436"}],"wp:term":[{"taxonomy":"category","embeddable":true,"href":"https:\/\/contraluz.fr\/index.php?rest_route=%2Fwp%2Fv2%2Fcategories&post=436"},{"taxonomy":"post_tag","embeddable":true,"href":"https:\/\/contraluz.fr\/index.php?rest_route=%2Fwp%2Fv2%2Ftags&post=436"}],"curies":[{"name":"wp","href":"https:\/\/api.w.org\/{rel}","templated":true}]}}