{"id":470,"date":"2018-06-08T00:14:10","date_gmt":"2018-06-07T22:14:10","guid":{"rendered":"http:\/\/contraluz.fr\/?p=470"},"modified":"2018-06-14T12:09:47","modified_gmt":"2018-06-14T10:09:47","slug":"stage-intensif-despagnol-du-16-au-20-juillet-2018","status":"publish","type":"post","link":"https:\/\/contraluz.fr\/?p=470","title":{"rendered":"STAGE INTENSIF d\u2019ESPAGNOL Du 16 au 20 Juillet 2018"},"content":{"rendered":"<h5 style=\"text-align: center;\"><b>STAGE INTENSIF\u00a0 d\u2019ESPAGNOL <\/b><\/h5>\n<h5 style=\"text-align: center;\"><b>Du 16 au 20 Juillet 2018<br \/>\n<\/b><b>5 jours &#8211;\u00a0 4 heures \/ jour<br \/>\n<\/b><b>195 euros + adh\u00e9sion \u00e0 l\u2019association<\/b><\/h5>\n<h5 style=\"text-align: center;\"><b>Stage intensif anim\u00e9 par un professeur natif pendant le festival de th\u00e9\u00e2tre d\u2019Avignon\u00a0 2018.<br \/>\n<\/b><b>Objectif : d\u00e9velopper les capacit\u00e9s orales en espagnol <\/b><\/h5>\n<p>Travail en petit groupe<\/p>\n<p>Activit\u00e9s de mise en situation \u00e0 partir de th\u00e8mes li\u00e9s \u00e0 la vie quotidienne<\/p>\n<p>contenus culturels et de civilisation espagnole<\/p>\n<p>Activit\u00e9s th\u00e9\u00e2trales et artistiques , visites, spectacles \u00e0 tarifs pr\u00e9f\u00e9rentiels) <b>dans le cadre du Festival D\u2019Avignon 2018<\/b><\/p>\n<p><b>Pr\u00e9inscriptions , r\u00e9servations et inscriptions sur <a href=\"mailto:contact@contraluz.fr\" target=\"_blank\" rel=\"noopener\">contact@contraluz.fr<\/a><\/b><b><\/b><\/p>\n<p>&nbsp;<\/p>\n<p>&nbsp;<\/p>\n","protected":false},"excerpt":{"rendered":"<div class=\"mh-excerpt\"><p>STAGE INTENSIF\u00a0 d\u2019ESPAGNOL Du 16 au 20 Juillet 2018 5 jours &#8211;\u00a0 4 heures \/ jour 195 euros + adh\u00e9sion \u00e0 l\u2019association Stage intensif anim\u00e9 par un professeur natif pendant le festival de th\u00e9\u00e2tre d\u2019Avignon\u00a0 2018. Objectif : d\u00e9velopper les capacit\u00e9s orales en espagnol Travail en petit groupe Activit\u00e9s de mise en situation \u00e0 partir <a class=\"mh-excerpt-more\" href=\"https:\/\/contraluz.fr\/?p=470\" title=\"STAGE INTENSIF d\u2019ESPAGNOL Du 16 au 20 Juillet 2018\">[&#8230;]<\/a><\/p>\n<\/div>","protected":false},"author":1,"featured_media":527,"comment_status":"closed","ping_status":"open","sticky":false,"template":"","format":"standard","meta":{"footnotes":""},"categories":[4],"tags":[],"class_list":["post-470","post","type-post","status-publish","format-standard","has-post-thumbnail","hentry","category-cours"],"_links":{"self":[{"href":"https:\/\/contraluz.fr\/index.php?rest_route=\/wp\/v2\/posts\/470","targetHints":{"allow":["GET"]}}],"collection":[{"href":"https:\/\/contraluz.fr\/index.php?rest_route=\/wp\/v2\/posts"}],"about":[{"href":"https:\/\/contraluz.fr\/index.php?rest_route=\/wp\/v2\/types\/post"}],"author":[{"embeddable":true,"href":"https:\/\/contraluz.fr\/index.php?rest_route=\/wp\/v2\/users\/1"}],"replies":[{"embeddable":true,"href":"https:\/\/contraluz.fr\/index.php?rest_route=%2Fwp%2Fv2%2Fcomments&post=470"}],"version-history":[{"count":6,"href":"https:\/\/contraluz.fr\/index.php?rest_route=\/wp\/v2\/posts\/470\/revisions"}],"predecessor-version":[{"id":483,"href":"https:\/\/contraluz.fr\/index.php?rest_route=\/wp\/v2\/posts\/470\/revisions\/483"}],"wp:featuredmedia":[{"embeddable":true,"href":"https:\/\/contraluz.fr\/index.php?rest_route=\/wp\/v2\/media\/527"}],"wp:attachment":[{"href":"https:\/\/contraluz.fr\/index.php?rest_route=%2Fwp%2Fv2%2Fmedia&parent=470"}],"wp:term":[{"taxonomy":"category","embeddable":true,"href":"https:\/\/contraluz.fr\/index.php?rest_route=%2Fwp%2Fv2%2Fcategories&post=470"},{"taxonomy":"post_tag","embeddable":true,"href":"https:\/\/contraluz.fr\/index.php?rest_route=%2Fwp%2Fv2%2Ftags&post=470"}],"curies":[{"name":"wp","href":"https:\/\/api.w.org\/{rel}","templated":true}]}}