{"id":91,"date":"2018-01-16T00:24:20","date_gmt":"2018-01-15T23:24:20","guid":{"rendered":"http:\/\/contraluz.fr\/?p=91"},"modified":"2018-01-17T17:14:00","modified_gmt":"2018-01-17T16:14:00","slug":"bulletin-dinformations-janvier-2018","status":"publish","type":"post","link":"https:\/\/contraluz.fr\/?p=91","title":{"rendered":"Bulletin d&rsquo;informations Janvier 2018"},"content":{"rendered":"<p>Chers amis,<\/p>\n<p>L\u2019ann\u00e9e a commenc\u00e9 par un tonitruant Dia de Reyes o\u00f9 nous avons fait salle comble (pardon aux adh\u00e9rents qui n\u2019ont pu entrer): les Rois de Contraluz ont \u00e9t\u00e9 particuli\u00e8rement g\u00e9n\u00e9reux puisqu\u2019ils nous ont offert Chocolate, anis, mantecados, pi\u00f1ata, villancicos et un concert de musique latino am\u00e9ricaine&#8230;<\/p>\n<p>Nous continuerons en musique par une soir\u00e9e sp\u00e9ciale consacr\u00e9e \u00e0 Chavela Vargas, grand nom de la chanson mexicaine (on s\u2019est laiss\u00e9 dire qu\u2019il y aurait m\u00eame de la t\u00e9quila).<\/p>\n<p>Enfin!!! Apr\u00e8s bien des difficult\u00e9s, nous avons r\u00e9ussi \u00e0 organiser notre d\u00e9bat sur la Catalogne et ce sont des Catalans eux-m\u00eames qui viendront vous en parler. Ne ratez pas cet \u00e9v\u00e9nement rare m\u00eame en Espagne o\u00f9 la discussion entre les deux parties s\u2019av\u00e8re bien souvent probl\u00e9matique.<\/p>\n<p>Et nous terminerons ce mois en compagnie de Bu\u00f1uel et de JP Campillo pour une nouvelle projection dans le cadre de notre cycle annuel. Le film La Voie Lact\u00e9e nous rappellera, une fois de plus, que ce sont peut-\u00eatre les ath\u00e9es qui parlent le mieux de religion.<\/p>\n<p>Pensez que vous pouvez d\u00e9j\u00e0 vous inscrire au stage intensif d\u2019Espagnol de f\u00e9vrier. Et pr\u00e9parez-vous: les inscriptions aux voyages de l\u2019ann\u00e9e 2018 Chili, P\u00e9rou et Gerona) seront bient\u00f4t ouvertes.<\/p>\n<p>Nous vous dirons tout dans un prochain courrier.<\/p>\n<p>Hasta pronto!<\/p>\n<p style=\"text-align: center;\"><a href=\"http:\/\/www.contraluz.fr\/documents\/E-Lettre-Janvier-2018.pdf\" target=\"_blank\" rel=\"noopener\">T\u00c9L\u00c9CHARGER LA LETTRE AU FORMAT PDF<\/a><\/p>\n<p>&nbsp;<\/p>\n","protected":false},"excerpt":{"rendered":"<div class=\"mh-excerpt\"><p>Chers amis, L\u2019ann\u00e9e a commenc\u00e9 par un tonitruant Dia de Reyes o\u00f9 nous avons fait salle comble (pardon aux adh\u00e9rents qui n\u2019ont pu entrer): les Rois de Contraluz ont \u00e9t\u00e9 particuli\u00e8rement g\u00e9n\u00e9reux puisqu\u2019ils nous ont offert Chocolate, anis, mantecados, pi\u00f1ata, villancicos et un concert de musique latino am\u00e9ricaine&#8230; Nous continuerons en musique par une soir\u00e9e <a class=\"mh-excerpt-more\" href=\"https:\/\/contraluz.fr\/?p=91\" title=\"Bulletin d&rsquo;informations Janvier 2018\">[&#8230;]<\/a><\/p>\n<\/div>","protected":false},"author":1,"featured_media":11,"comment_status":"closed","ping_status":"open","sticky":false,"template":"","format":"standard","meta":{"footnotes":""},"categories":[7],"tags":[],"class_list":["post-91","post","type-post","status-publish","format-standard","has-post-thumbnail","hentry","category-actualites"],"_links":{"self":[{"href":"https:\/\/contraluz.fr\/index.php?rest_route=\/wp\/v2\/posts\/91","targetHints":{"allow":["GET"]}}],"collection":[{"href":"https:\/\/contraluz.fr\/index.php?rest_route=\/wp\/v2\/posts"}],"about":[{"href":"https:\/\/contraluz.fr\/index.php?rest_route=\/wp\/v2\/types\/post"}],"author":[{"embeddable":true,"href":"https:\/\/contraluz.fr\/index.php?rest_route=\/wp\/v2\/users\/1"}],"replies":[{"embeddable":true,"href":"https:\/\/contraluz.fr\/index.php?rest_route=%2Fwp%2Fv2%2Fcomments&post=91"}],"version-history":[{"count":3,"href":"https:\/\/contraluz.fr\/index.php?rest_route=\/wp\/v2\/posts\/91\/revisions"}],"predecessor-version":[{"id":136,"href":"https:\/\/contraluz.fr\/index.php?rest_route=\/wp\/v2\/posts\/91\/revisions\/136"}],"wp:featuredmedia":[{"embeddable":true,"href":"https:\/\/contraluz.fr\/index.php?rest_route=\/wp\/v2\/media\/11"}],"wp:attachment":[{"href":"https:\/\/contraluz.fr\/index.php?rest_route=%2Fwp%2Fv2%2Fmedia&parent=91"}],"wp:term":[{"taxonomy":"category","embeddable":true,"href":"https:\/\/contraluz.fr\/index.php?rest_route=%2Fwp%2Fv2%2Fcategories&post=91"},{"taxonomy":"post_tag","embeddable":true,"href":"https:\/\/contraluz.fr\/index.php?rest_route=%2Fwp%2Fv2%2Ftags&post=91"}],"curies":[{"name":"wp","href":"https:\/\/api.w.org\/{rel}","templated":true}]}}