{"id":949,"date":"2019-04-01T12:42:36","date_gmt":"2019-04-01T10:42:36","guid":{"rendered":"http:\/\/contraluz.fr\/?p=949"},"modified":"2019-04-01T12:43:13","modified_gmt":"2019-04-01T10:43:13","slug":"poesia-argentina-a-la-maison-de-la-poesie-avignon-jeudi-11-avril-de-18h30h-a-23h","status":"publish","type":"post","link":"https:\/\/contraluz.fr\/?p=949","title":{"rendered":"POESIA ARGENTINA \u00e0 la maison de la Po\u00e9sie Avignon &#8211; jeudi 11 avril de 18h30h \u00e0 23h&#8230;"},"content":{"rendered":"<p style=\"text-align: center;\"><a href=\"http:\/\/contraluz.fr\/wp-content\/uploads\/2019\/04\/Poesia.jpg\"><img loading=\"lazy\" decoding=\"async\" class=\"alignleft wp-image-950 size-medium\" src=\"http:\/\/contraluz.fr\/wp-content\/uploads\/2019\/04\/Poesia-260x300.jpg\" alt=\"\" width=\"260\" height=\"300\" data-id=\"950\" srcset=\"https:\/\/contraluz.fr\/wp-content\/uploads\/2019\/04\/Poesia-260x300.jpg 260w, https:\/\/contraluz.fr\/wp-content\/uploads\/2019\/04\/Poesia.jpg 576w\" sizes=\"auto, (max-width: 260px) 100vw, 260px\" \/><\/a> jeudi 11 avril de 18h30h \u00e0 23h&#8230;<br \/>\nPOESIA\u00a0ARGENTINA<br \/>\nUne soir\u00e9e compl\u00e8te\u00a0en collaboration avec\u00a0la Maison de la Po\u00e9sie\u00a0et la FAL Vaucluse<br \/>\nEn hommage au Po\u00e8te Teny Al\u00f3s<br \/>\nMusique, danse, performance,\u00a0textes, gastronomie\u00a0\u00e0 Avignon.<br \/>\nEt une connexion en direct avec\u00a0l\u2019Argentine et un groupe d\u2019artistes multidisciplinaires.,<\/p>\n<p style=\"text-align: center;\"><strong>Maison de la Po\u00e9sie d\u2019Avignon,<\/strong><br \/>\n<strong>6 rue Figui\u00e8res.<\/strong><br \/>\n<strong>R\u00e9servations sur <a href=\"mailto:contact@contraluz.fr\">contact@contraluz.fr<\/a><\/strong><\/p>\n<p>&nbsp;<\/p>\n<p>&nbsp;<\/p>\n<p>&nbsp;<\/p>\n","protected":false},"excerpt":{"rendered":"<div class=\"mh-excerpt\"><p>jeudi 11 avril de 18h30h \u00e0 23h&#8230; POESIA\u00a0ARGENTINA Une soir\u00e9e compl\u00e8te\u00a0en collaboration avec\u00a0la Maison de la Po\u00e9sie\u00a0et la FAL Vaucluse En hommage au Po\u00e8te Teny Al\u00f3s Musique, danse, performance,\u00a0textes, gastronomie\u00a0\u00e0 Avignon. Et une connexion en direct avec\u00a0l\u2019Argentine et un groupe d\u2019artistes multidisciplinaires., Maison de la Po\u00e9sie d\u2019Avignon, 6 rue Figui\u00e8res. R\u00e9servations sur contact@contraluz.fr &nbsp; &nbsp; <a class=\"mh-excerpt-more\" href=\"https:\/\/contraluz.fr\/?p=949\" title=\"POESIA ARGENTINA \u00e0 la maison de la Po\u00e9sie Avignon &#8211; jeudi 11 avril de 18h30h \u00e0 23h&#8230;\">[&#8230;]<\/a><\/p>\n<\/div>","protected":false},"author":1,"featured_media":951,"comment_status":"closed","ping_status":"open","sticky":false,"template":"","format":"standard","meta":{"footnotes":""},"categories":[2],"tags":[],"class_list":["post-949","post","type-post","status-publish","format-standard","has-post-thumbnail","hentry","category-soirees"],"_links":{"self":[{"href":"https:\/\/contraluz.fr\/index.php?rest_route=\/wp\/v2\/posts\/949","targetHints":{"allow":["GET"]}}],"collection":[{"href":"https:\/\/contraluz.fr\/index.php?rest_route=\/wp\/v2\/posts"}],"about":[{"href":"https:\/\/contraluz.fr\/index.php?rest_route=\/wp\/v2\/types\/post"}],"author":[{"embeddable":true,"href":"https:\/\/contraluz.fr\/index.php?rest_route=\/wp\/v2\/users\/1"}],"replies":[{"embeddable":true,"href":"https:\/\/contraluz.fr\/index.php?rest_route=%2Fwp%2Fv2%2Fcomments&post=949"}],"version-history":[{"count":2,"href":"https:\/\/contraluz.fr\/index.php?rest_route=\/wp\/v2\/posts\/949\/revisions"}],"predecessor-version":[{"id":953,"href":"https:\/\/contraluz.fr\/index.php?rest_route=\/wp\/v2\/posts\/949\/revisions\/953"}],"wp:featuredmedia":[{"embeddable":true,"href":"https:\/\/contraluz.fr\/index.php?rest_route=\/wp\/v2\/media\/951"}],"wp:attachment":[{"href":"https:\/\/contraluz.fr\/index.php?rest_route=%2Fwp%2Fv2%2Fmedia&parent=949"}],"wp:term":[{"taxonomy":"category","embeddable":true,"href":"https:\/\/contraluz.fr\/index.php?rest_route=%2Fwp%2Fv2%2Fcategories&post=949"},{"taxonomy":"post_tag","embeddable":true,"href":"https:\/\/contraluz.fr\/index.php?rest_route=%2Fwp%2Fv2%2Ftags&post=949"}],"curies":[{"name":"wp","href":"https:\/\/api.w.org\/{rel}","templated":true}]}}